{"id":6235,"date":"2026-04-29T06:03:03","date_gmt":"2026-04-29T09:03:03","guid":{"rendered":"https:\/\/vagas.portalemprego.com.br\/?p=6235"},"modified":"2026-04-29T06:03:03","modified_gmt":"2026-04-29T09:03:03","slug":"lider-de-logistica-logistica-tres-rios","status":"publish","type":"post","link":"https:\/\/vagas.portalemprego.com.br\/?p=6235","title":{"rendered":"L\u00cdDER DE LOGISTICA &#8211; Log\u00edstica &#8211; Tr\u00eas Rios"},"content":{"rendered":"<p>Responsabilidades e atribui\u00e7\u00f5es: <\/p>\n<p>Administrar equipe, gerenciar recursos materiais da \u00e1rea;<br \/>\nControlar processo operacional e avaliar seus resultados;<br \/>\nAtendimento ao cliente de forma a garantir tranquilidade e seguran\u00e7a;<br \/>\nAtender prontamente as solicita\u00e7\u00f5es dos clientes;<br \/>\nAcompanhar servi\u00e7os operacionais, para agiliza\u00e7\u00e3o e cumprimento de prazos;<br \/>\nDesenvolver, controlar e atualizar rotinas administrativas pertinentes \u00e0s necessidades;<br \/>\nManter informado a Coordena\u00e7\u00e3o da unidade sobre todos os aspectos voltados \u00e0 atividades operacionais;<br \/>\nManter os colaboradores atualizados e treinados;<br \/>\nOrientar colaboradores quanto \u00e0 limpeza e conserva\u00e7\u00e3o do ambiente de trabalho e equipamentos;<br \/>\nParticipar do desenvolvimento da unidade, sugerindo, inovando, buscando a atualiza\u00e7\u00e3o constante;<br \/>\nDesenvolver todas as atividades de maneira vi\u00e1vel economicamente, visando a satisfa\u00e7\u00e3o do cliente e resultados positivos para a empresa;<br \/>\nDesenvolver o trabalho de maneira sistem\u00e1tica, atendendo as normas operacionais, as normas de seguran\u00e7a, utiliza\u00e7\u00e3o de EPIs e da qualidade.<\/p>\n<ul>\n<li>Local de trabalho: Tr\u00eas Rios, RJ<\/li>\n<li>Regime de contrata\u00e7\u00e3o de tipo: Efetivo \u2013 CLT<\/li>\n<li>Jornada: Per\u00edodo Integral<\/li>\n<li>\u00c1rea e especializa\u00e7\u00e3o profissional: Log\u00edstica &#8211; Log\u00edstica<\/li>\n<li>N\u00edvel hier\u00e1rquico: Operacional<\/li>\n<\/ul>\n<p>VALORIZADO<\/p>\n<p>Tempo de experi\u00eancia: Entre 1 e 3 anos<\/p>\n<p>HABILIDADES<\/p>\n<ul>\n<li>Conhecimento SAP<\/li>\n<li>pacote office<\/li>\n<li>diretrizes de qualidade \/ EHS;<\/li>\n<\/ul>\n<p>Escolaridade M\u00ednima: Ensino Superior<\/p>\n<p>Habilita\u00e7\u00e3o para dirigir: B<\/p>\n<p>Sal\u00e1rio: 3800,0<\/p>\n","protected":false},"excerpt":{"rendered":"<p>Responsabilidades e atribui\u00e7\u00f5es: Administrar equipe, gerenciar recursos materiais da \u00e1rea; Controlar processo operacional e avaliar seus resultados; Atendimento ao cliente de forma a garantir tranquilidade e seguran\u00e7a; Atender prontamente as solicita\u00e7\u00f5es dos clientes; Acompanhar servi\u00e7os operacionais, para agiliza\u00e7\u00e3o e cumprimento de prazos; Desenvolver, controlar e atualizar rotinas administrativas pertinentes \u00e0s necessidades; Manter informado a Coordena\u00e7\u00e3o [&hellip;]<\/p>\n","protected":false},"author":1,"featured_media":0,"comment_status":"open","ping_status":"open","sticky":false,"template":"","format":"standard","meta":{"footnotes":""},"categories":[21],"tags":[],"class_list":["post-6235","post","type-post","status-publish","format-standard","hentry","category-rio-de-janeiro-rj"],"_links":{"self":[{"href":"https:\/\/vagas.portalemprego.com.br\/index.php?rest_route=\/wp\/v2\/posts\/6235","targetHints":{"allow":["GET"]}}],"collection":[{"href":"https:\/\/vagas.portalemprego.com.br\/index.php?rest_route=\/wp\/v2\/posts"}],"about":[{"href":"https:\/\/vagas.portalemprego.com.br\/index.php?rest_route=\/wp\/v2\/types\/post"}],"author":[{"embeddable":true,"href":"https:\/\/vagas.portalemprego.com.br\/index.php?rest_route=\/wp\/v2\/users\/1"}],"replies":[{"embeddable":true,"href":"https:\/\/vagas.portalemprego.com.br\/index.php?rest_route=%2Fwp%2Fv2%2Fcomments&post=6235"}],"version-history":[{"count":0,"href":"https:\/\/vagas.portalemprego.com.br\/index.php?rest_route=\/wp\/v2\/posts\/6235\/revisions"}],"wp:attachment":[{"href":"https:\/\/vagas.portalemprego.com.br\/index.php?rest_route=%2Fwp%2Fv2%2Fmedia&parent=6235"}],"wp:term":[{"taxonomy":"category","embeddable":true,"href":"https:\/\/vagas.portalemprego.com.br\/index.php?rest_route=%2Fwp%2Fv2%2Fcategories&post=6235"},{"taxonomy":"post_tag","embeddable":true,"href":"https:\/\/vagas.portalemprego.com.br\/index.php?rest_route=%2Fwp%2Fv2%2Ftags&post=6235"}],"curies":[{"name":"wp","href":"https:\/\/api.w.org\/{rel}","templated":true}]}}