{"id":6236,"date":"2026-04-29T06:03:03","date_gmt":"2026-04-29T09:03:03","guid":{"rendered":"https:\/\/vagas.portalemprego.com.br\/?p=6236"},"modified":"2026-04-29T06:03:03","modified_gmt":"2026-04-29T09:03:03","slug":"analista-de-pcp-logistica-tres-rios","status":"publish","type":"post","link":"https:\/\/vagas.portalemprego.com.br\/?p=6236","title":{"rendered":"Analista de PCP &#8211; Log\u00edstica &#8211; Tr\u00eas Rios"},"content":{"rendered":"<p>Responsabilidades e atribui\u00e7\u00f5es<\/p>\n<p>Respons\u00e1vel em avaliar, documentar, analisar e realizar atividades de Planejamento e Controle da Produ\u00e7\u00e3o do Cliente com an\u00e1lise das demandas, projetos, programa\u00e7\u00e3o da produ\u00e7\u00e3o. Atuar junto \u00e0 Log\u00edstica, dimensionando demandas di\u00e1rias necess\u00e1rias para atendimento entre as unidades e centros de trabalhos operacionais;<br \/>\nGerar e acompanhar planilhas de produ\u00e7\u00e3o, desenvolvimento e acompanhamento dos KPI&#8217;s;<br \/>\nFollow-up com cliente;<br \/>\nSer elo com produ\u00e7\u00e3o, materiais e log\u00edstica operacional.<\/p>\n<p>Requisitos e qualifica\u00e7\u00f5es<\/p>\n<p>Ensino superior completo em log\u00edstica, administra\u00e7\u00e3o, engenharias ou \u00e1reas afins;<br \/>\nConhecimento em pacote office, SAP e Power BI;<br \/>\nDesej\u00e1vel experi\u00eancia na \u00e1rea de PCP;<br \/>\nResidir na cidade de Tr\u00eas Rios<\/p>\n<ul>\n<li>Local de trabalho: Tr\u00eas Rios, RJ<\/li>\n<li>Regime de contrata\u00e7\u00e3o de tipo: Efetivo \u2013 CLT<\/li>\n<li>Jornada: Per\u00edodo Integral<\/li>\n<li>\u00c1rea e especializa\u00e7\u00e3o profissional: Log\u00edstica &#8211; Log\u00edstica<\/li>\n<li>N\u00edvel hier\u00e1rquico: Analista<\/li>\n<\/ul>\n<p>VALORIZADO<\/p>\n<p>Tempo de experi\u00eancia: Entre 1 e 3 anos<\/p>\n<p>Escolaridade M\u00ednima: Ensino Superior<\/p>\n<p>Sal\u00e1rio: 3265,0<\/p>\n","protected":false},"excerpt":{"rendered":"<p>Responsabilidades e atribui\u00e7\u00f5es Respons\u00e1vel em avaliar, documentar, analisar e realizar atividades de Planejamento e Controle da Produ\u00e7\u00e3o do Cliente com an\u00e1lise das demandas, projetos, programa\u00e7\u00e3o da produ\u00e7\u00e3o. Atuar junto \u00e0 Log\u00edstica, dimensionando demandas di\u00e1rias necess\u00e1rias para atendimento entre as unidades e centros de trabalhos operacionais; Gerar e acompanhar planilhas de produ\u00e7\u00e3o, desenvolvimento e acompanhamento dos [&hellip;]<\/p>\n","protected":false},"author":1,"featured_media":0,"comment_status":"open","ping_status":"open","sticky":false,"template":"","format":"standard","meta":{"footnotes":""},"categories":[21],"tags":[],"class_list":["post-6236","post","type-post","status-publish","format-standard","hentry","category-rio-de-janeiro-rj"],"_links":{"self":[{"href":"https:\/\/vagas.portalemprego.com.br\/index.php?rest_route=\/wp\/v2\/posts\/6236","targetHints":{"allow":["GET"]}}],"collection":[{"href":"https:\/\/vagas.portalemprego.com.br\/index.php?rest_route=\/wp\/v2\/posts"}],"about":[{"href":"https:\/\/vagas.portalemprego.com.br\/index.php?rest_route=\/wp\/v2\/types\/post"}],"author":[{"embeddable":true,"href":"https:\/\/vagas.portalemprego.com.br\/index.php?rest_route=\/wp\/v2\/users\/1"}],"replies":[{"embeddable":true,"href":"https:\/\/vagas.portalemprego.com.br\/index.php?rest_route=%2Fwp%2Fv2%2Fcomments&post=6236"}],"version-history":[{"count":0,"href":"https:\/\/vagas.portalemprego.com.br\/index.php?rest_route=\/wp\/v2\/posts\/6236\/revisions"}],"wp:attachment":[{"href":"https:\/\/vagas.portalemprego.com.br\/index.php?rest_route=%2Fwp%2Fv2%2Fmedia&parent=6236"}],"wp:term":[{"taxonomy":"category","embeddable":true,"href":"https:\/\/vagas.portalemprego.com.br\/index.php?rest_route=%2Fwp%2Fv2%2Fcategories&post=6236"},{"taxonomy":"post_tag","embeddable":true,"href":"https:\/\/vagas.portalemprego.com.br\/index.php?rest_route=%2Fwp%2Fv2%2Ftags&post=6236"}],"curies":[{"name":"wp","href":"https:\/\/api.w.org\/{rel}","templated":true}]}}