{"id":6237,"date":"2026-04-29T06:03:03","date_gmt":"2026-04-29T09:03:03","guid":{"rendered":"https:\/\/vagas.portalemprego.com.br\/?p=6237"},"modified":"2026-04-29T06:03:03","modified_gmt":"2026-04-29T09:03:03","slug":"farmaceutico-a-saude-petropolis-2","status":"publish","type":"post","link":"https:\/\/vagas.portalemprego.com.br\/?p=6237","title":{"rendered":"Farmac\u00eautico (a) &#8211; Sa\u00fade &#8211; Petr\u00f3polis"},"content":{"rendered":"<p>ATRIBUI\u00c7\u00d5ES PRINCIPAIS<\/p>\n<p>Apoiar a lideran\u00e7a nas a\u00e7\u00f5es relacionadas \u00e0 padroniza\u00e7\u00e3o, com foco em seguran\u00e7a, qualidade e otimiza\u00e7\u00e3o da terapia medicamentosa;<br \/>\nParticipar da elabora\u00e7\u00e3o, aplica\u00e7\u00e3o e atualiza\u00e7\u00e3o de formul\u00e1rios terap\u00eauticos e protocolos cl\u00ednicos para a utiliza\u00e7\u00e3o de medicamentos e outras tecnologias em sa\u00fade;<br \/>\nFornecer informa\u00e7\u00f5es t\u00e9cnicas sobre medicamentos \u00e0 equipe de sa\u00fade;<br \/>\nApoiar na elabora\u00e7\u00e3o de procedimentos operacionais padr\u00e3o e formul\u00e1rios pr\u00f3prios;<br \/>\nParticipar de a\u00e7\u00f5es assistenciais multidisciplinares, dentro da vis\u00e3o da integralidade do cuidado, interagindo com as equipes de forma interdisciplinar;<br \/>\nDesenvolver a\u00e7\u00f5es para preven\u00e7\u00e3o, identifica\u00e7\u00e3o e notifica\u00e7\u00e3o de incidentes e queixas t\u00e9cnicas relacionadas a medicamentos e outras tecnologias em sa\u00fade;<br \/>\nExecutar a\u00e7\u00f5es de orienta\u00e7\u00e3o e educa\u00e7\u00e3o em sa\u00fade aos demais membros da equipe de sa\u00fade, pacientes e familiares\/cuidadores;<br \/>\nAnalisar as prescri\u00e7\u00f5es e monitorar a utiliza\u00e7\u00e3o de medicamentos e produtos para a sa\u00fade;<br \/>\nRealizar e manter registros das a\u00e7\u00f5es farmac\u00eauticas atualizados, observando a legisla\u00e7\u00e3o vigente;<br \/>\nDesenvolver atividades cl\u00ednicas, em todas as etapas de transi\u00e7\u00e3o do cuidado, com foco na seguran\u00e7a do paciente e uso racional de medicamentos;<br \/>\nDesenvolver e participar de programas de treinamento e educa\u00e7\u00e3o continuada de recursos humanos na \u00e1rea de sa\u00fade;<br \/>\nRealizar interven\u00e7\u00f5es farmac\u00eauticas objetivando melhorar a farmacoterapia dos pacientes e garantir maior ades\u00e3o ao tratamento;<br \/>\nParticipar e promover discuss\u00f5es de casos cl\u00ednicos de forma integrada com os demais membros da equipe de sa\u00fade;<br \/>\nParticipar ativamente de rounds cl\u00ednicos;<br \/>\nElaborar o plano de cuidado farmac\u00eautico do paciente;<br \/>\nRealizar a\u00e7\u00f5es de rastreamento em sa\u00fade, baseadas em evid\u00eancias t\u00e9cnico-cient\u00edficas e em conson\u00e2ncia com as pol\u00edticas de sa\u00fade vigentes;<br \/>\nDesenvolver, em colabora\u00e7\u00e3o com os demais membros da equipe de sa\u00fade, a\u00e7\u00f5es para a promo\u00e7\u00e3o, prote\u00e7\u00e3o e recupera\u00e7\u00e3o da sa\u00fade, e a preven\u00e7\u00e3o de doen\u00e7as e de outros problemas de sa\u00fade;<br \/>\nAtuar no processo de forma\u00e7\u00e3o e desenvolvimento profissional de Farmac\u00eauticos, Auxiliares de Farm\u00e1cia e demais membros da equipe de sa\u00fade;<br \/>\nColetar, compilar e estruturar os dados para realiza\u00e7\u00e3o dos indicadores da \u00e1rea, analisando criticamente os resultados.<\/p>\n<ul>\n<li>Local de trabalho: Petr\u00f3polis, RJ<\/li>\n<li>Regime de contrata\u00e7\u00e3o de tipo: Efetivo \u2013 CLT<\/li>\n<li>Jornada: Per\u00edodo Integral<\/li>\n<li>\u00c1rea e especializa\u00e7\u00e3o profissional: Sa\u00fade &#8211; Farm\u00e1cia<\/li>\n<li>N\u00edvel hier\u00e1rquico: Especialista<\/li>\n<\/ul>\n<p>VALORIZADO<\/p>\n<p>Tempo de experi\u00eancia: Entre 1 e 3 anos<\/p>\n<p>HABILIDADES<\/p>\n<ul>\n<li>Ingl\u00eas (Desej\u00e1vel)<\/li>\n<li>Especializa\u00e7\u00e3o em Farm\u00e1cia Hospitalar e\/ou Cl\u00ednica (Desej\u00e1vel)<\/li>\n<li>Ensino Superior em Farm\u00e1cia (Obrigat\u00f3rio)<\/li>\n<li>Pacote Office intermedi\u00e1rio<\/li>\n<\/ul>\n<p>Escolaridade M\u00ednima: Ensino Superior<\/p>\n<ul>\n<li>Vale Alimenta\u00e7\u00e3o<\/li>\n<li>Gympass<\/li>\n<li>Refei\u00e7\u00e3o no local<\/li>\n<li>Conv\u00eanio com Farm\u00e1cia<\/li>\n<li>Conv\u00eanio com SESC<\/li>\n<li>Seguro de Vida<\/li>\n<li>Assist\u00eancia M\u00e9dica e Odontol\u00f3gica (ap\u00f3s o per\u00edodo de experi\u00eancia)<\/li>\n<\/ul>\n","protected":false},"excerpt":{"rendered":"<p>ATRIBUI\u00c7\u00d5ES PRINCIPAIS Apoiar a lideran\u00e7a nas a\u00e7\u00f5es relacionadas \u00e0 padroniza\u00e7\u00e3o, com foco em seguran\u00e7a, qualidade e otimiza\u00e7\u00e3o da terapia medicamentosa; Participar da elabora\u00e7\u00e3o, aplica\u00e7\u00e3o e atualiza\u00e7\u00e3o de formul\u00e1rios terap\u00eauticos e protocolos cl\u00ednicos para a utiliza\u00e7\u00e3o de medicamentos e outras tecnologias em sa\u00fade; Fornecer informa\u00e7\u00f5es t\u00e9cnicas sobre medicamentos \u00e0 equipe de sa\u00fade; Apoiar na elabora\u00e7\u00e3o de [&hellip;]<\/p>\n","protected":false},"author":1,"featured_media":0,"comment_status":"open","ping_status":"open","sticky":false,"template":"","format":"standard","meta":{"footnotes":""},"categories":[21],"tags":[],"class_list":["post-6237","post","type-post","status-publish","format-standard","hentry","category-rio-de-janeiro-rj"],"_links":{"self":[{"href":"https:\/\/vagas.portalemprego.com.br\/index.php?rest_route=\/wp\/v2\/posts\/6237","targetHints":{"allow":["GET"]}}],"collection":[{"href":"https:\/\/vagas.portalemprego.com.br\/index.php?rest_route=\/wp\/v2\/posts"}],"about":[{"href":"https:\/\/vagas.portalemprego.com.br\/index.php?rest_route=\/wp\/v2\/types\/post"}],"author":[{"embeddable":true,"href":"https:\/\/vagas.portalemprego.com.br\/index.php?rest_route=\/wp\/v2\/users\/1"}],"replies":[{"embeddable":true,"href":"https:\/\/vagas.portalemprego.com.br\/index.php?rest_route=%2Fwp%2Fv2%2Fcomments&post=6237"}],"version-history":[{"count":0,"href":"https:\/\/vagas.portalemprego.com.br\/index.php?rest_route=\/wp\/v2\/posts\/6237\/revisions"}],"wp:attachment":[{"href":"https:\/\/vagas.portalemprego.com.br\/index.php?rest_route=%2Fwp%2Fv2%2Fmedia&parent=6237"}],"wp:term":[{"taxonomy":"category","embeddable":true,"href":"https:\/\/vagas.portalemprego.com.br\/index.php?rest_route=%2Fwp%2Fv2%2Fcategories&post=6237"},{"taxonomy":"post_tag","embeddable":true,"href":"https:\/\/vagas.portalemprego.com.br\/index.php?rest_route=%2Fwp%2Fv2%2Ftags&post=6237"}],"curies":[{"name":"wp","href":"https:\/\/api.w.org\/{rel}","templated":true}]}}