{"id":6242,"date":"2026-04-29T06:03:03","date_gmt":"2026-04-29T09:03:03","guid":{"rendered":"https:\/\/vagas.portalemprego.com.br\/?p=6242"},"modified":"2026-04-29T06:03:03","modified_gmt":"2026-04-29T09:03:03","slug":"promotor-de-vendas-comercial-vendas-volta-redonda","status":"publish","type":"post","link":"https:\/\/vagas.portalemprego.com.br\/?p=6242","title":{"rendered":"Promotor de Vendas &#8211; Comercial, Vendas &#8211; Volta Redonda"},"content":{"rendered":"<p>Abastecer a loja (g\u00f4ndola e espa\u00e7os extras \u2013 displays, ilhas, ponta de g\u00f4ndola), respeitando a estrat\u00e9gia desenvolvida pela equipe de marketing\/trade\/merchandising. Abastecimento de produtos In Natura (resfriados e congelados); de Jerked Beef e Charque; de Hamburguer 1953. Precificar corretamente os produtos\/promo\u00e7\u00f5es com o material distribu\u00eddo pela empresa, higienizar as g\u00f4ndolas, manter os produtos dentro do layout da marca. Identificar oportunidades dentro do PDV, conquistando mais espa\u00e7os.<\/p>\n<ul>\n<li>Local de trabalho: Volta Redonda, RJ<\/li>\n<li>Regime de contrata\u00e7\u00e3o de tipo: Tempor\u00e1rio<\/li>\n<li>Jornada: Per\u00edodo Integral<\/li>\n<li>\u00c1rea e especializa\u00e7\u00e3o profissional: Comercial, Vendas &#8211; Demonstrador \/ Promotor<\/li>\n<li>N\u00edvel hier\u00e1rquico: Assistente<\/li>\n<\/ul>\n<p>Escolaridade M\u00ednima: Ensino M\u00e9dio (2\u00ba Grau)<\/p>\n<p>Sal\u00e1rio: 1699,0<\/p>\n","protected":false},"excerpt":{"rendered":"<p>Abastecer a loja (g\u00f4ndola e espa\u00e7os extras \u2013 displays, ilhas, ponta de g\u00f4ndola), respeitando a estrat\u00e9gia desenvolvida pela equipe de marketing\/trade\/merchandising. Abastecimento de produtos In Natura (resfriados e congelados); de Jerked Beef e Charque; de Hamburguer 1953. Precificar corretamente os produtos\/promo\u00e7\u00f5es com o material distribu\u00eddo pela empresa, higienizar as g\u00f4ndolas, manter os produtos dentro do [&hellip;]<\/p>\n","protected":false},"author":1,"featured_media":0,"comment_status":"open","ping_status":"open","sticky":false,"template":"","format":"standard","meta":{"footnotes":""},"categories":[21],"tags":[],"class_list":["post-6242","post","type-post","status-publish","format-standard","hentry","category-rio-de-janeiro-rj"],"_links":{"self":[{"href":"https:\/\/vagas.portalemprego.com.br\/index.php?rest_route=\/wp\/v2\/posts\/6242","targetHints":{"allow":["GET"]}}],"collection":[{"href":"https:\/\/vagas.portalemprego.com.br\/index.php?rest_route=\/wp\/v2\/posts"}],"about":[{"href":"https:\/\/vagas.portalemprego.com.br\/index.php?rest_route=\/wp\/v2\/types\/post"}],"author":[{"embeddable":true,"href":"https:\/\/vagas.portalemprego.com.br\/index.php?rest_route=\/wp\/v2\/users\/1"}],"replies":[{"embeddable":true,"href":"https:\/\/vagas.portalemprego.com.br\/index.php?rest_route=%2Fwp%2Fv2%2Fcomments&post=6242"}],"version-history":[{"count":0,"href":"https:\/\/vagas.portalemprego.com.br\/index.php?rest_route=\/wp\/v2\/posts\/6242\/revisions"}],"wp:attachment":[{"href":"https:\/\/vagas.portalemprego.com.br\/index.php?rest_route=%2Fwp%2Fv2%2Fmedia&parent=6242"}],"wp:term":[{"taxonomy":"category","embeddable":true,"href":"https:\/\/vagas.portalemprego.com.br\/index.php?rest_route=%2Fwp%2Fv2%2Fcategories&post=6242"},{"taxonomy":"post_tag","embeddable":true,"href":"https:\/\/vagas.portalemprego.com.br\/index.php?rest_route=%2Fwp%2Fv2%2Ftags&post=6242"}],"curies":[{"name":"wp","href":"https:\/\/api.w.org\/{rel}","templated":true}]}}