{"id":6243,"date":"2026-04-29T06:03:03","date_gmt":"2026-04-29T09:03:03","guid":{"rendered":"https:\/\/vagas.portalemprego.com.br\/?p=6243"},"modified":"2026-04-29T06:03:03","modified_gmt":"2026-04-29T09:03:03","slug":"tecnico-de-seguranca-do-trabalho-engenharia-rio-de-janeiro-9","status":"publish","type":"post","link":"https:\/\/vagas.portalemprego.com.br\/?p=6243","title":{"rendered":"T\u00e9cnico de Seguran\u00e7a do Trabalho &#8211; Engenharia &#8211; Rio de Janeiro"},"content":{"rendered":"<p>Voc\u00ea \u00e9 um profissional comprometido com a seguran\u00e7a e o bem-estar no ambiente de trabalho? Estamos em busca de um T\u00e9cnico de Seguran\u00e7a do Trabalho para se juntar \u00e0 nossa equipe e contribuir para um ambiente seguro e saud\u00e1vel para todos os colaboradores.<\/p>\n<p>Responsabilidades:<br \/>\nRealizar inspe\u00e7\u00f5es e an\u00e1lises de seguran\u00e7a nos locais de trabalho.<br \/>\nIdentificar e avaliar os riscos associados \u00e0s atividades laborais.<br \/>\nDesenvolver e implementar planos de preven\u00e7\u00e3o de acidentes e promo\u00e7\u00e3o da sa\u00fade ocupacional.<br \/>\nElaborar e ministrar treinamentos sobre seguran\u00e7a, sa\u00fade e preven\u00e7\u00e3o de acidentes.<br \/>\nInvestigar e analisar incidentes e acidentes de trabalho, propondo medidas corretivas e preventivas.<br \/>\nManter registros e relat\u00f3rios atualizados sobre quest\u00f5es de seguran\u00e7a e sa\u00fade ocupacional.<\/p>\n<p>Requisitos:<br \/>\nForma\u00e7\u00e3o t\u00e9cnica em Seguran\u00e7a do Trabalho.<br \/>\nRegistro v\u00e1lido no Minist\u00e9rio do Trabalho (MTE).<br \/>\nExperi\u00eancia pr\u00e9via na fun\u00e7\u00e3o, preferencialmente em ambientes industriais e\/ou log\u00edsticos.<br \/>\nConhecimento das normas regulamentadoras (NRs) e legisla\u00e7\u00e3o trabalhista.<br \/>\nCapacidade de comunica\u00e7\u00e3o eficaz e trabalho em equipe.<br \/>\nDisponibilidade para atuar no per\u00edodo noturno.<br \/>\nPacote Office Completo.<\/p>\n<ul>\n<li>Local de trabalho: Rio de Janeiro, RJ<\/li>\n<li>Regime de contrata\u00e7\u00e3o de tipo: Efetivo \u2013 CLT<\/li>\n<li>Jornada: Per\u00edodo Integral<\/li>\n<li>\u00c1rea e especializa\u00e7\u00e3o profissional: Engenharia &#8211; Engenharia de Seguran\u00e7a do Trabalho<\/li>\n<li>N\u00edvel hier\u00e1rquico: Assistente<\/li>\n<\/ul>\n<p>VALORIZADO<\/p>\n<p>Tempo de experi\u00eancia: Entre 3 e 5 anos<\/p>\n<p>HABILIDADES<\/p>\n<ul>\n<li>Curso T\u00e9cnico<\/li>\n<li>T\u00e9cnico Seguran\u00e7a do Trabalho<\/li>\n<li>Conhecimento de Excel<\/li>\n<li>Disponibilidade de Hor\u00e1rio<\/li>\n<\/ul>\n<p>Escolaridade M\u00ednima: Curso T\u00e9cnico<\/p>\n<p>Habilita\u00e7\u00e3o para dirigir: B<\/p>\n<p>Sal\u00e1rio: 4100,0<\/p>\n","protected":false},"excerpt":{"rendered":"<p>Voc\u00ea \u00e9 um profissional comprometido com a seguran\u00e7a e o bem-estar no ambiente de trabalho? Estamos em busca de um T\u00e9cnico de Seguran\u00e7a do Trabalho para se juntar \u00e0 nossa equipe e contribuir para um ambiente seguro e saud\u00e1vel para todos os colaboradores. Responsabilidades: Realizar inspe\u00e7\u00f5es e an\u00e1lises de seguran\u00e7a nos locais de trabalho. Identificar [&hellip;]<\/p>\n","protected":false},"author":1,"featured_media":0,"comment_status":"open","ping_status":"open","sticky":false,"template":"","format":"standard","meta":{"footnotes":""},"categories":[21],"tags":[],"class_list":["post-6243","post","type-post","status-publish","format-standard","hentry","category-rio-de-janeiro-rj"],"_links":{"self":[{"href":"https:\/\/vagas.portalemprego.com.br\/index.php?rest_route=\/wp\/v2\/posts\/6243","targetHints":{"allow":["GET"]}}],"collection":[{"href":"https:\/\/vagas.portalemprego.com.br\/index.php?rest_route=\/wp\/v2\/posts"}],"about":[{"href":"https:\/\/vagas.portalemprego.com.br\/index.php?rest_route=\/wp\/v2\/types\/post"}],"author":[{"embeddable":true,"href":"https:\/\/vagas.portalemprego.com.br\/index.php?rest_route=\/wp\/v2\/users\/1"}],"replies":[{"embeddable":true,"href":"https:\/\/vagas.portalemprego.com.br\/index.php?rest_route=%2Fwp%2Fv2%2Fcomments&post=6243"}],"version-history":[{"count":0,"href":"https:\/\/vagas.portalemprego.com.br\/index.php?rest_route=\/wp\/v2\/posts\/6243\/revisions"}],"wp:attachment":[{"href":"https:\/\/vagas.portalemprego.com.br\/index.php?rest_route=%2Fwp%2Fv2%2Fmedia&parent=6243"}],"wp:term":[{"taxonomy":"category","embeddable":true,"href":"https:\/\/vagas.portalemprego.com.br\/index.php?rest_route=%2Fwp%2Fv2%2Fcategories&post=6243"},{"taxonomy":"post_tag","embeddable":true,"href":"https:\/\/vagas.portalemprego.com.br\/index.php?rest_route=%2Fwp%2Fv2%2Ftags&post=6243"}],"curies":[{"name":"wp","href":"https:\/\/api.w.org\/{rel}","templated":true}]}}