{"id":6245,"date":"2026-04-29T06:03:03","date_gmt":"2026-04-29T09:03:03","guid":{"rendered":"https:\/\/vagas.portalemprego.com.br\/?p=6245"},"modified":"2026-04-29T06:03:03","modified_gmt":"2026-04-29T09:03:03","slug":"analista-administrativo-administracao-rio-de-janeiro-3","status":"publish","type":"post","link":"https:\/\/vagas.portalemprego.com.br\/?p=6245","title":{"rendered":"Analista Administrativo &#8211; Administra\u00e7\u00e3o &#8211; Rio de Janeiro"},"content":{"rendered":"<p>Principais responsabilidades:<br \/>\nUtiliza\u00e7\u00e3o de ferramentas como WMS, SAP e pacote Office (Excel avan\u00e7ado \u00e9 essencial);<br \/>\nGest\u00e3o de indicadores operacionais (controle de SLA, produtividade, acuracidade, etc.);<br \/>\nComunica\u00e7\u00e3o direta com stakeholders internos e externos (transportadoras, fornecedores, time comercial, entre outros);<br \/>\nAcompanhamento de rotinas do armaz\u00e9m, como rondas operacionais, apoio ao time de movimenta\u00e7\u00e3o e confer\u00eancia;<br \/>\nLan\u00e7amentos e an\u00e1lises de dados operacionais para suporte \u00e0 tomada de decis\u00e3o;<br \/>\nApoio em invent\u00e1rios, auditorias internas e gest\u00e3o de documentos do setor;<br \/>\nElabora\u00e7\u00e3o de relat\u00f3rios gerenciais e apresenta\u00e7\u00f5es para reuni\u00f5es de rotina.<\/p>\n<p>Requisitos Obrigat\u00f3rios:<br \/>\nEnsino superior completo ou em andamento (Administra\u00e7\u00e3o, Log\u00edstica, Engenharia, ou \u00e1reas correlatas);<br \/>\nPossui carteira nacional de habilita\u00e7\u00e3o ( CNH );<br \/>\nExperi\u00eancia anterior com rotinas administrativas em opera\u00e7\u00f5es log\u00edsticas, centros de distribui\u00e7\u00e3o ou armaz\u00e9ns;<br \/>\nViv\u00eancia operacional em ambiente log\u00edstico, com entendimento pr\u00e1tico das rotinas de armaz\u00e9m;<br \/>\nDom\u00ednio do Excel avan\u00e7ado (tabelas din\u00e2micas, procv, dashboards);<br \/>\nViv\u00eancia com WMS (sistemas de gerenciamento de armaz\u00e9m) e SAP (ERP);<br \/>\nBoa comunica\u00e7\u00e3o verbal e escrita para intera\u00e7\u00e3o com transportadoras, fornecedores e equipes internas.<\/p>\n<ul>\n<li>Local de trabalho: Rio de Janeiro, RJ<\/li>\n<li>Regime de contrata\u00e7\u00e3o de tipo: Efetivo \u2013 CLT<\/li>\n<li>Jornada: Per\u00edodo Integral<\/li>\n<li>\u00c1rea e especializa\u00e7\u00e3o profissional: Administra\u00e7\u00e3o &#8211; Administra\u00e7\u00e3o Geral<\/li>\n<li>N\u00edvel hier\u00e1rquico: Analista<\/li>\n<\/ul>\n<p>VALORIZADO<\/p>\n<p>Tempo de experi\u00eancia: Entre 3 e 5 anos<\/p>\n<p>HABILIDADES<\/p>\n<ul>\n<li>Excel avan\u00e7ado<\/li>\n<li>Microsoft Excel<\/li>\n<li>Resiliente<\/li>\n<li>Inovador<\/li>\n<li>Estrat\u00e9gico<\/li>\n<\/ul>\n<p>Escolaridade M\u00ednima: Ensino Superior<\/p>\n<p>Habilita\u00e7\u00e3o para dirigir: B<\/p>\n<ul>\n<li>Plano de sa\u00fade<\/li>\n<li>Cesta b\u00e1sica (assiduidade)<\/li>\n<li>Conv\u00eanios faculdade \/ SESC \/ Grau T\u00e9cnico<\/li>\n<li>VA<\/li>\n<li>VT<\/li>\n<\/ul>\n<p>Sal\u00e1rio: 4856,11<\/p>\n","protected":false},"excerpt":{"rendered":"<p>Principais responsabilidades: Utiliza\u00e7\u00e3o de ferramentas como WMS, SAP e pacote Office (Excel avan\u00e7ado \u00e9 essencial); Gest\u00e3o de indicadores operacionais (controle de SLA, produtividade, acuracidade, etc.); Comunica\u00e7\u00e3o direta com stakeholders internos e externos (transportadoras, fornecedores, time comercial, entre outros); Acompanhamento de rotinas do armaz\u00e9m, como rondas operacionais, apoio ao time de movimenta\u00e7\u00e3o e confer\u00eancia; Lan\u00e7amentos e [&hellip;]<\/p>\n","protected":false},"author":1,"featured_media":0,"comment_status":"open","ping_status":"open","sticky":false,"template":"","format":"standard","meta":{"footnotes":""},"categories":[21],"tags":[],"class_list":["post-6245","post","type-post","status-publish","format-standard","hentry","category-rio-de-janeiro-rj"],"_links":{"self":[{"href":"https:\/\/vagas.portalemprego.com.br\/index.php?rest_route=\/wp\/v2\/posts\/6245","targetHints":{"allow":["GET"]}}],"collection":[{"href":"https:\/\/vagas.portalemprego.com.br\/index.php?rest_route=\/wp\/v2\/posts"}],"about":[{"href":"https:\/\/vagas.portalemprego.com.br\/index.php?rest_route=\/wp\/v2\/types\/post"}],"author":[{"embeddable":true,"href":"https:\/\/vagas.portalemprego.com.br\/index.php?rest_route=\/wp\/v2\/users\/1"}],"replies":[{"embeddable":true,"href":"https:\/\/vagas.portalemprego.com.br\/index.php?rest_route=%2Fwp%2Fv2%2Fcomments&post=6245"}],"version-history":[{"count":0,"href":"https:\/\/vagas.portalemprego.com.br\/index.php?rest_route=\/wp\/v2\/posts\/6245\/revisions"}],"wp:attachment":[{"href":"https:\/\/vagas.portalemprego.com.br\/index.php?rest_route=%2Fwp%2Fv2%2Fmedia&parent=6245"}],"wp:term":[{"taxonomy":"category","embeddable":true,"href":"https:\/\/vagas.portalemprego.com.br\/index.php?rest_route=%2Fwp%2Fv2%2Fcategories&post=6245"},{"taxonomy":"post_tag","embeddable":true,"href":"https:\/\/vagas.portalemprego.com.br\/index.php?rest_route=%2Fwp%2Fv2%2Ftags&post=6245"}],"curies":[{"name":"wp","href":"https:\/\/api.w.org\/{rel}","templated":true}]}}