{"id":6248,"date":"2026-04-29T06:03:03","date_gmt":"2026-04-29T09:03:03","guid":{"rendered":"https:\/\/vagas.portalemprego.com.br\/?p=6248"},"modified":"2026-04-29T06:03:03","modified_gmt":"2026-04-29T09:03:03","slug":"programador-e-operador-cnc-industrial-producao-fabrica-paracambi","status":"publish","type":"post","link":"https:\/\/vagas.portalemprego.com.br\/?p=6248","title":{"rendered":"Programador e operador CNC &#8211; Industrial, Produ\u00e7\u00e3o, F\u00e1brica &#8211; Paracambi"},"content":{"rendered":"<p>A Botafogo Lar e Lazer est\u00e1 em busca de um Programador e Operador CNC para se juntar ao nosso time de profissionais dedicados e inovadores.<br \/>\nBuscamos algu\u00e9m com experi\u00eancia comprovada em programa\u00e7\u00e3o de m\u00e1quinas CNC e com habilidades t\u00e9cnicas s\u00f3lidas para garantir a efici\u00eancia e a qualidade em nossos projetos.<\/p>\n<p>Voc\u00ea ser\u00e1 respons\u00e1vel por programar e operar m\u00e1quinas CNC para a fabrica\u00e7\u00e3o de pe\u00e7as precisas e de alta qualidade.<br \/>\nSuas tarefas incluir\u00e3o a leitura e interpreta\u00e7\u00e3o de desenhos t\u00e9cnicos, a programa\u00e7\u00e3o de m\u00e1quinas CNC, a supervis\u00e3o da produ\u00e7\u00e3o e a garantia de que os padr\u00f5es de qualidade s\u00e3o mantidos.<br \/>\nAl\u00e9m disso, voc\u00ea dever\u00e1 colaborar com a equipe de engenharia para o desenvolvimento de novas pe\u00e7as e processos de fabrica\u00e7\u00e3o.<\/p>\n<p>Experi\u00eancia pr\u00e9via em programa\u00e7\u00e3o CNC e opera\u00e7\u00e3o de m\u00e1quinas \u00e9 essencial.<br \/>\nConhecimento em softwares de CAD\/CAM, Solidworks e boas habilidades de resolu\u00e7\u00e3o de problemas s\u00e3o requisitos fundamentais para este cargo.<br \/>\nO candidato ideal dever\u00e1 demonstrar comprometimento com a excel\u00eancia e ter uma mentalidade de melhoria cont\u00ednua.<\/p>\n<p>Oferecemos um ambiente de trabalho din\u00e2mico e uma oportunidade de crescimento profissional em uma empresa que valoriza inova\u00e7\u00e3o e qualidade.<br \/>\nSe voc\u00ea \u00e9 um profissional motivado e tem paix\u00e3o por tecnologia e fabrica\u00e7\u00e3o, esta \u00e9 a chance perfeita para voc\u00ea se destacar.<\/p>\n<p>Junte-se a n\u00f3s e fa\u00e7a parte de uma equipe que transforma ideias em realidades com precis\u00e3o e efici\u00eancia.<br \/>\nAguardamos seu curr\u00edculo para avaliarmos sua adequa\u00e7\u00e3o ao perfil desejado.<\/p>\n<ul>\n<li>Local de trabalho: Paracambi, RJ<\/li>\n<li>Regime de contrata\u00e7\u00e3o de tipo: Efetivo \u2013 CLT<\/li>\n<li>Jornada: Per\u00edodo Integral<\/li>\n<li>\u00c1rea e especializa\u00e7\u00e3o profissional: Industrial, Produ\u00e7\u00e3o, F\u00e1brica &#8211; Ferramentaria<\/li>\n<li>N\u00edvel hier\u00e1rquico: Especialista<\/li>\n<\/ul>\n<p>Escolaridade M\u00ednima: Curso T\u00e9cnico<\/p>\n<p>Forma\u00e7\u00e3o desejada:<\/p>\n<ul>\n<li>Mec\u00e2nica, Curso T\u00e9cnico<\/li>\n<\/ul>\n<ul>\n<li>vale alimenta\u00e7\u00e3o<\/li>\n<li>Produtividade<\/li>\n<li>Refeit\u00f3rio no local<\/li>\n<li>Plano de sa\u00fade coparticipativo<\/li>\n<li>Vale transporte<\/li>\n<li>Gympass<\/li>\n<li>Conv\u00eanios com Institui\u00e7\u00f5es de ensino<\/li>\n<\/ul>\n","protected":false},"excerpt":{"rendered":"<p>A Botafogo Lar e Lazer est\u00e1 em busca de um Programador e Operador CNC para se juntar ao nosso time de profissionais dedicados e inovadores. Buscamos algu\u00e9m com experi\u00eancia comprovada em programa\u00e7\u00e3o de m\u00e1quinas CNC e com habilidades t\u00e9cnicas s\u00f3lidas para garantir a efici\u00eancia e a qualidade em nossos projetos. Voc\u00ea ser\u00e1 respons\u00e1vel por programar [&hellip;]<\/p>\n","protected":false},"author":1,"featured_media":0,"comment_status":"open","ping_status":"open","sticky":false,"template":"","format":"standard","meta":{"footnotes":""},"categories":[21],"tags":[],"class_list":["post-6248","post","type-post","status-publish","format-standard","hentry","category-rio-de-janeiro-rj"],"_links":{"self":[{"href":"https:\/\/vagas.portalemprego.com.br\/index.php?rest_route=\/wp\/v2\/posts\/6248","targetHints":{"allow":["GET"]}}],"collection":[{"href":"https:\/\/vagas.portalemprego.com.br\/index.php?rest_route=\/wp\/v2\/posts"}],"about":[{"href":"https:\/\/vagas.portalemprego.com.br\/index.php?rest_route=\/wp\/v2\/types\/post"}],"author":[{"embeddable":true,"href":"https:\/\/vagas.portalemprego.com.br\/index.php?rest_route=\/wp\/v2\/users\/1"}],"replies":[{"embeddable":true,"href":"https:\/\/vagas.portalemprego.com.br\/index.php?rest_route=%2Fwp%2Fv2%2Fcomments&post=6248"}],"version-history":[{"count":0,"href":"https:\/\/vagas.portalemprego.com.br\/index.php?rest_route=\/wp\/v2\/posts\/6248\/revisions"}],"wp:attachment":[{"href":"https:\/\/vagas.portalemprego.com.br\/index.php?rest_route=%2Fwp%2Fv2%2Fmedia&parent=6248"}],"wp:term":[{"taxonomy":"category","embeddable":true,"href":"https:\/\/vagas.portalemprego.com.br\/index.php?rest_route=%2Fwp%2Fv2%2Fcategories&post=6248"},{"taxonomy":"post_tag","embeddable":true,"href":"https:\/\/vagas.portalemprego.com.br\/index.php?rest_route=%2Fwp%2Fv2%2Ftags&post=6248"}],"curies":[{"name":"wp","href":"https:\/\/api.w.org\/{rel}","templated":true}]}}