{"id":6249,"date":"2026-04-29T06:03:03","date_gmt":"2026-04-29T09:03:03","guid":{"rendered":"https:\/\/vagas.portalemprego.com.br\/?p=6249"},"modified":"2026-04-29T06:03:03","modified_gmt":"2026-04-29T09:03:03","slug":"auxiliar-de-deposito-i-pcd-logistica-rio-de-janeiro","status":"publish","type":"post","link":"https:\/\/vagas.portalemprego.com.br\/?p=6249","title":{"rendered":"Auxiliar de Deposito I PCD &#8211; Log\u00edstica &#8211; Rio de Janeiro"},"content":{"rendered":"<p>?Vaga para PCD!<br \/>\n??Cargo: Auxiliar de Deposito I<br \/>\n??Sal\u00e1rio fixo: R$ 1.832,29<br \/>\n??Local: CD Campo Grande<br \/>\n?? Hor\u00e1rio a combinar<\/p>\n<p>??Atividades:<br \/>\n Realizar atividades operacionais nas \u00e1reas de log\u00edstica, sob supervis\u00e3o direta, abrangendo processos como armazenagem de mercadorias, embalagem e apoio nas etapas de recebimento, organiza\u00e7\u00e3o, abastecimento, separa\u00e7\u00e3o, confer\u00eancia e expedi\u00e7\u00e3o.<\/p>\n<p>??O objetivo \u00e9 assegurar a adequada manuten\u00e7\u00e3o e organiza\u00e7\u00e3o do estoque e das \u00e1reas de trabalho, contribuindo para a efici\u00eancia e qualidade na distribui\u00e7\u00e3o dos produtos comercializados pela Companhia.<\/p>\n<p>??Requisitos:<br \/>\n Ensino Fundamental completo.<br \/>\n Disponibilidade para atuar 8 horas por dia de segunda a s\u00e1bado com hor\u00e1rio a combinar<\/p>\n<p>??Benef\u00edcios:<br \/>\n Vale transporte<br \/>\n Seguro de Vida em Grupo<br \/>\n Campanhas<br \/>\n Desconto em farm\u00e1cia<br \/>\n Programas de apoio psicol\u00f3gico<br \/>\n Alimenta\u00e7\u00e3o no local<br \/>\n Day-off no seu anivers\u00e1rio<br \/>\n Assist\u00eancia m\u00e9dica<br \/>\n Assist\u00eancia odontol\u00f3gica<br \/>\n Conv\u00eanio com institui\u00e7\u00f5es de ensino<\/p>\n<ul>\n<li>Local de trabalho: Rio de Janeiro, RJ<\/li>\n<li>Regime de contrata\u00e7\u00e3o de tipo: Efetivo \u2013 CLT<\/li>\n<li>Jornada: Per\u00edodo Integral<\/li>\n<li>\u00c1rea e especializa\u00e7\u00e3o profissional: Log\u00edstica &#8211; Estoque, Armazenagem, Dep\u00f3sito<\/li>\n<li>N\u00edvel hier\u00e1rquico: Operacional<\/li>\n<\/ul>\n<p>Escolaridade M\u00ednima: Ensino Fundamental (1\u00ba grau)<\/p>\n<p>Sal\u00e1rio: 1832,29<\/p>\n","protected":false},"excerpt":{"rendered":"<p>?Vaga para PCD! ??Cargo: Auxiliar de Deposito I ??Sal\u00e1rio fixo: R$ 1.832,29 ??Local: CD Campo Grande ?? Hor\u00e1rio a combinar ??Atividades: Realizar atividades operacionais nas \u00e1reas de log\u00edstica, sob supervis\u00e3o direta, abrangendo processos como armazenagem de mercadorias, embalagem e apoio nas etapas de recebimento, organiza\u00e7\u00e3o, abastecimento, separa\u00e7\u00e3o, confer\u00eancia e expedi\u00e7\u00e3o. ??O objetivo \u00e9 assegurar a [&hellip;]<\/p>\n","protected":false},"author":1,"featured_media":0,"comment_status":"open","ping_status":"open","sticky":false,"template":"","format":"standard","meta":{"footnotes":""},"categories":[21],"tags":[],"class_list":["post-6249","post","type-post","status-publish","format-standard","hentry","category-rio-de-janeiro-rj"],"_links":{"self":[{"href":"https:\/\/vagas.portalemprego.com.br\/index.php?rest_route=\/wp\/v2\/posts\/6249","targetHints":{"allow":["GET"]}}],"collection":[{"href":"https:\/\/vagas.portalemprego.com.br\/index.php?rest_route=\/wp\/v2\/posts"}],"about":[{"href":"https:\/\/vagas.portalemprego.com.br\/index.php?rest_route=\/wp\/v2\/types\/post"}],"author":[{"embeddable":true,"href":"https:\/\/vagas.portalemprego.com.br\/index.php?rest_route=\/wp\/v2\/users\/1"}],"replies":[{"embeddable":true,"href":"https:\/\/vagas.portalemprego.com.br\/index.php?rest_route=%2Fwp%2Fv2%2Fcomments&post=6249"}],"version-history":[{"count":0,"href":"https:\/\/vagas.portalemprego.com.br\/index.php?rest_route=\/wp\/v2\/posts\/6249\/revisions"}],"wp:attachment":[{"href":"https:\/\/vagas.portalemprego.com.br\/index.php?rest_route=%2Fwp%2Fv2%2Fmedia&parent=6249"}],"wp:term":[{"taxonomy":"category","embeddable":true,"href":"https:\/\/vagas.portalemprego.com.br\/index.php?rest_route=%2Fwp%2Fv2%2Fcategories&post=6249"},{"taxonomy":"post_tag","embeddable":true,"href":"https:\/\/vagas.portalemprego.com.br\/index.php?rest_route=%2Fwp%2Fv2%2Ftags&post=6249"}],"curies":[{"name":"wp","href":"https:\/\/api.w.org\/{rel}","templated":true}]}}