{"id":6250,"date":"2026-04-29T06:03:03","date_gmt":"2026-04-29T09:03:03","guid":{"rendered":"https:\/\/vagas.portalemprego.com.br\/?p=6250"},"modified":"2026-04-29T06:03:03","modified_gmt":"2026-04-29T09:03:03","slug":"lider-de-turma-comercial-vendas-rio-de-janeiro","status":"publish","type":"post","link":"https:\/\/vagas.portalemprego.com.br\/?p=6250","title":{"rendered":"L\u00edder de Turma &#8211; Comercial, Vendas &#8211; Rio de Janeiro"},"content":{"rendered":"<p>\u2022 Realizar inspe\u00e7\u00f5es peri\u00f3dicas nos locais de presta\u00e7\u00e3o de servi\u00e7os (supermercados de grande porte);<br \/>\n\u2022 Avaliar o desempenho da equipe de assistentes que s\u00e3o prestadoras de servi\u00e7os;<br \/>\n\u2022 Identificar e reportar poss\u00edveis problemas ou n\u00e3o conformidades;<br \/>\n\u2022 Garantir o cumprimento dos procedimentos e normas da empresa;<br \/>\n\u2022 Controle sobre atestados m\u00e9dicos e\/ou faltas;<br \/>\n\u2022 Respons\u00e1vel pela comunica\u00e7\u00e3o imediata de colaboradoras a serem repostas nos postos de trabalho;<br \/>\n\u2022 Rodar as lojas com o ve\u00edculo pr\u00f3prio da empresa e verificar o andamento das colaboradoras.<\/p>\n<p>Requisitos:<br \/>\n\u2022 Experi\u00eancia pr\u00e9via como Encarregado, L\u00edder ou Supervisor de Turma;<br \/>\n\u2022 Possuir CNH B em dia;<br \/>\n\u2022 Boa comunica\u00e7\u00e3o e relacionamento interpessoal;<br \/>\n\u2022 Lideran\u00e7a firme, aut\u00eantica e focada em resultados.<\/p>\n<p>Todas as nossas vagas tamb\u00e9m est\u00e3o dispon\u00edveis para Pessoas com Defici\u00eancia (PCD). Valorizamos a diversidade e a inclus\u00e3o em nosso ambiente de trabalho.<\/p>\n<ul>\n<li>Local de trabalho: Rio de Janeiro, RJ<\/li>\n<li>Regime de contrata\u00e7\u00e3o de tipo: Tempor\u00e1rio<\/li>\n<li>Jornada: Per\u00edodo Integral<\/li>\n<li>\u00c1rea e especializa\u00e7\u00e3o profissional: Comercial, Vendas &#8211; Atendimento<\/li>\n<li>N\u00edvel hier\u00e1rquico: Encarregado<\/li>\n<\/ul>\n<p>VALORIZADO<\/p>\n<p>Tempo de experi\u00eancia: Entre 1 e 3 anos<\/p>\n<p>Escolaridade M\u00ednima: Ensino Superior<\/p>\n<p>Habilita\u00e7\u00e3o para dirigir: B<\/p>\n<ul>\n<li>Vale Refei\u00e7\u00e3o<\/li>\n<li>Auxilio KM<\/li>\n<li>Conv\u00eanio Faculdade<\/li>\n<\/ul>\n<p>Sal\u00e1rio: 3300,0<\/p>\n","protected":false},"excerpt":{"rendered":"<p>\u2022 Realizar inspe\u00e7\u00f5es peri\u00f3dicas nos locais de presta\u00e7\u00e3o de servi\u00e7os (supermercados de grande porte); \u2022 Avaliar o desempenho da equipe de assistentes que s\u00e3o prestadoras de servi\u00e7os; \u2022 Identificar e reportar poss\u00edveis problemas ou n\u00e3o conformidades; \u2022 Garantir o cumprimento dos procedimentos e normas da empresa; \u2022 Controle sobre atestados m\u00e9dicos e\/ou faltas; \u2022 Respons\u00e1vel [&hellip;]<\/p>\n","protected":false},"author":1,"featured_media":0,"comment_status":"open","ping_status":"open","sticky":false,"template":"","format":"standard","meta":{"footnotes":""},"categories":[21],"tags":[],"class_list":["post-6250","post","type-post","status-publish","format-standard","hentry","category-rio-de-janeiro-rj"],"_links":{"self":[{"href":"https:\/\/vagas.portalemprego.com.br\/index.php?rest_route=\/wp\/v2\/posts\/6250","targetHints":{"allow":["GET"]}}],"collection":[{"href":"https:\/\/vagas.portalemprego.com.br\/index.php?rest_route=\/wp\/v2\/posts"}],"about":[{"href":"https:\/\/vagas.portalemprego.com.br\/index.php?rest_route=\/wp\/v2\/types\/post"}],"author":[{"embeddable":true,"href":"https:\/\/vagas.portalemprego.com.br\/index.php?rest_route=\/wp\/v2\/users\/1"}],"replies":[{"embeddable":true,"href":"https:\/\/vagas.portalemprego.com.br\/index.php?rest_route=%2Fwp%2Fv2%2Fcomments&post=6250"}],"version-history":[{"count":0,"href":"https:\/\/vagas.portalemprego.com.br\/index.php?rest_route=\/wp\/v2\/posts\/6250\/revisions"}],"wp:attachment":[{"href":"https:\/\/vagas.portalemprego.com.br\/index.php?rest_route=%2Fwp%2Fv2%2Fmedia&parent=6250"}],"wp:term":[{"taxonomy":"category","embeddable":true,"href":"https:\/\/vagas.portalemprego.com.br\/index.php?rest_route=%2Fwp%2Fv2%2Fcategories&post=6250"},{"taxonomy":"post_tag","embeddable":true,"href":"https:\/\/vagas.portalemprego.com.br\/index.php?rest_route=%2Fwp%2Fv2%2Ftags&post=6250"}],"curies":[{"name":"wp","href":"https:\/\/api.w.org\/{rel}","templated":true}]}}