{"id":6252,"date":"2026-04-29T06:03:03","date_gmt":"2026-04-29T09:03:03","guid":{"rendered":"https:\/\/vagas.portalemprego.com.br\/?p=6252"},"modified":"2026-04-29T06:03:03","modified_gmt":"2026-04-29T09:03:03","slug":"operador-de-camera-fria-i-logistica-rio-de-janeiro","status":"publish","type":"post","link":"https:\/\/vagas.portalemprego.com.br\/?p=6252","title":{"rendered":"Operador de C\u00e2mera Fria I &#8211; Log\u00edstica &#8211; Rio de Janeiro"},"content":{"rendered":"<p>Oportunidade para Operador de Camera Fria I<\/p>\n<p>?Atividades realizadas no cargo:<br \/>\n* Confer\u00eancia<br \/>\n* Separa\u00e7\u00e3o<br \/>\n* Recebimento.<\/p>\n<p>? Requisitos:<br \/>\n* Ensino M\u00e9dio Completo.<br \/>\n* Experiencia na camera fria <\/p>\n<p>??Residir em  Cordovil  ou regi\u00f5es pr\u00f3ximas.<\/p>\n<p>? Contrata\u00e7\u00e3o:<br \/>\n* EFETIVA CLT<br \/>\n?? Sal\u00e1rio: R$2.185,75<br \/>\n?? Benef\u00edcios: Vale Transporte e Refei\u00e7\u00e3o  no Local<br \/>\n?Hor\u00e1rio: 08:00 | 17:48 SEG\/SEX<\/p>\n<ul>\n<li>Local de trabalho: Rio de Janeiro, RJ<\/li>\n<li>Regime de contrata\u00e7\u00e3o de tipo: Efetivo \u2013 CLT<\/li>\n<li>Jornada: Per\u00edodo Integral<\/li>\n<li>\u00c1rea e especializa\u00e7\u00e3o profissional: Log\u00edstica &#8211; Log\u00edstica<\/li>\n<li>N\u00edvel hier\u00e1rquico: Assistente<\/li>\n<\/ul>\n<p>VALORIZADO<\/p>\n<p>Tempo de experi\u00eancia: Entre 1 e 3 anos<\/p>\n<p>Escolaridade M\u00ednima: Ensino M\u00e9dio (2\u00ba Grau)<\/p>\n<ul>\n<li>Vale Transporte<\/li>\n<li>Refei\u00e7\u00e3o no local<\/li>\n<\/ul>\n<p>Sal\u00e1rio: 2185,75<\/p>\n","protected":false},"excerpt":{"rendered":"<p>Oportunidade para Operador de Camera Fria I ?Atividades realizadas no cargo: * Confer\u00eancia * Separa\u00e7\u00e3o * Recebimento. ? Requisitos: * Ensino M\u00e9dio Completo. * Experiencia na camera fria ??Residir em Cordovil ou regi\u00f5es pr\u00f3ximas. ? Contrata\u00e7\u00e3o: * EFETIVA CLT ?? Sal\u00e1rio: R$2.185,75 ?? Benef\u00edcios: Vale Transporte e Refei\u00e7\u00e3o no Local ?Hor\u00e1rio: 08:00 | 17:48 SEG\/SEX [&hellip;]<\/p>\n","protected":false},"author":1,"featured_media":0,"comment_status":"open","ping_status":"open","sticky":false,"template":"","format":"standard","meta":{"footnotes":""},"categories":[21],"tags":[],"class_list":["post-6252","post","type-post","status-publish","format-standard","hentry","category-rio-de-janeiro-rj"],"_links":{"self":[{"href":"https:\/\/vagas.portalemprego.com.br\/index.php?rest_route=\/wp\/v2\/posts\/6252","targetHints":{"allow":["GET"]}}],"collection":[{"href":"https:\/\/vagas.portalemprego.com.br\/index.php?rest_route=\/wp\/v2\/posts"}],"about":[{"href":"https:\/\/vagas.portalemprego.com.br\/index.php?rest_route=\/wp\/v2\/types\/post"}],"author":[{"embeddable":true,"href":"https:\/\/vagas.portalemprego.com.br\/index.php?rest_route=\/wp\/v2\/users\/1"}],"replies":[{"embeddable":true,"href":"https:\/\/vagas.portalemprego.com.br\/index.php?rest_route=%2Fwp%2Fv2%2Fcomments&post=6252"}],"version-history":[{"count":0,"href":"https:\/\/vagas.portalemprego.com.br\/index.php?rest_route=\/wp\/v2\/posts\/6252\/revisions"}],"wp:attachment":[{"href":"https:\/\/vagas.portalemprego.com.br\/index.php?rest_route=%2Fwp%2Fv2%2Fmedia&parent=6252"}],"wp:term":[{"taxonomy":"category","embeddable":true,"href":"https:\/\/vagas.portalemprego.com.br\/index.php?rest_route=%2Fwp%2Fv2%2Fcategories&post=6252"},{"taxonomy":"post_tag","embeddable":true,"href":"https:\/\/vagas.portalemprego.com.br\/index.php?rest_route=%2Fwp%2Fv2%2Ftags&post=6252"}],"curies":[{"name":"wp","href":"https:\/\/api.w.org\/{rel}","templated":true}]}}