{"id":6253,"date":"2026-04-29T06:04:04","date_gmt":"2026-04-29T09:04:04","guid":{"rendered":"https:\/\/vagas.portalemprego.com.br\/?p=6253"},"modified":"2026-04-29T06:04:04","modified_gmt":"2026-04-29T09:04:04","slug":"supervisor-de-frota-logistica-rio-de-janeiro-3","status":"publish","type":"post","link":"https:\/\/vagas.portalemprego.com.br\/?p=6253","title":{"rendered":"Supervisor de Frota &#8211; Log\u00edstica &#8211; Rio de Janeiro"},"content":{"rendered":"<p>Descri\u00e7\u00e3o da fun\u00e7\u00e3o:<\/p>\n<p>&#8211; Supervisionar e controlar a frota de empilhadeiras (el\u00e9tricas, GLP e\/ou diesel);<br \/>\n&#8211; Acompanhar manuten\u00e7\u00e3o preventiva e corretiva, garantindo a disponibilidade dos equipamentos;<br \/>\n&#8211; Gerenciar equipe de operadores e mec\u00e2nicos (se houver);<br \/>\n&#8211; Realizar inspe\u00e7\u00f5es peri\u00f3dicas e garantir o cumprimento das normas de seguran\u00e7a;<br \/>\n&#8211; Controlar custos operacionais e consumo de combust\u00edveis\/energia;<br \/>\n&#8211; Elaborar relat\u00f3rios de desempenho da frota e propor melhorias.<\/p>\n<ul>\n<li>Local de trabalho: Rio de Janeiro, RJ<\/li>\n<li>Regime de contrata\u00e7\u00e3o de tipo: Efetivo \u2013 CLT<\/li>\n<li>Jornada: Per\u00edodo Integral<\/li>\n<li>\u00c1rea e especializa\u00e7\u00e3o profissional: Log\u00edstica &#8211; Log\u00edstica<\/li>\n<li>N\u00edvel hier\u00e1rquico: Supervisor<\/li>\n<\/ul>\n<p>VALORIZADO<\/p>\n<p>Tempo de experi\u00eancia: Entre 3 e 5 anos<\/p>\n<p>HABILIDADES<\/p>\n<ul>\n<li>Vis\u00e3o de neg\u00f3cios<\/li>\n<li>Foco em metas e resultados<\/li>\n<li>Inovador<\/li>\n<li>Estrat\u00e9gico<\/li>\n<li>Resiliente<\/li>\n<\/ul>\n<p>Escolaridade M\u00ednima: Ensino Superior<\/p>\n<p>Forma\u00e7\u00e3o desejada:<\/p>\n<ul>\n<li>Engenharia el\u00e9trica, Ensino Superior<\/li>\n<li>Engenharia mec\u00e2nica\/mecatr\u00f4nica, Ensino Superior<\/li>\n<li>Engenharia de Automa\u00e7\u00e3o, Ensino Superior<\/li>\n<\/ul>\n<p>Habilita\u00e7\u00e3o para dirigir: B<\/p>\n<ul>\n<li>Cesta b\u00e1sica<\/li>\n<li>Alimenta\u00e7\u00e3o no Local<\/li>\n<li>vale transporte<\/li>\n<li>plano de sa\u00fade<\/li>\n<\/ul>\n","protected":false},"excerpt":{"rendered":"<p>Descri\u00e7\u00e3o da fun\u00e7\u00e3o: &#8211; Supervisionar e controlar a frota de empilhadeiras (el\u00e9tricas, GLP e\/ou diesel); &#8211; Acompanhar manuten\u00e7\u00e3o preventiva e corretiva, garantindo a disponibilidade dos equipamentos; &#8211; Gerenciar equipe de operadores e mec\u00e2nicos (se houver); &#8211; Realizar inspe\u00e7\u00f5es peri\u00f3dicas e garantir o cumprimento das normas de seguran\u00e7a; &#8211; Controlar custos operacionais e consumo de combust\u00edveis\/energia; [&hellip;]<\/p>\n","protected":false},"author":1,"featured_media":0,"comment_status":"open","ping_status":"open","sticky":false,"template":"","format":"standard","meta":{"footnotes":""},"categories":[21],"tags":[],"class_list":["post-6253","post","type-post","status-publish","format-standard","hentry","category-rio-de-janeiro-rj"],"_links":{"self":[{"href":"https:\/\/vagas.portalemprego.com.br\/index.php?rest_route=\/wp\/v2\/posts\/6253","targetHints":{"allow":["GET"]}}],"collection":[{"href":"https:\/\/vagas.portalemprego.com.br\/index.php?rest_route=\/wp\/v2\/posts"}],"about":[{"href":"https:\/\/vagas.portalemprego.com.br\/index.php?rest_route=\/wp\/v2\/types\/post"}],"author":[{"embeddable":true,"href":"https:\/\/vagas.portalemprego.com.br\/index.php?rest_route=\/wp\/v2\/users\/1"}],"replies":[{"embeddable":true,"href":"https:\/\/vagas.portalemprego.com.br\/index.php?rest_route=%2Fwp%2Fv2%2Fcomments&post=6253"}],"version-history":[{"count":0,"href":"https:\/\/vagas.portalemprego.com.br\/index.php?rest_route=\/wp\/v2\/posts\/6253\/revisions"}],"wp:attachment":[{"href":"https:\/\/vagas.portalemprego.com.br\/index.php?rest_route=%2Fwp%2Fv2%2Fmedia&parent=6253"}],"wp:term":[{"taxonomy":"category","embeddable":true,"href":"https:\/\/vagas.portalemprego.com.br\/index.php?rest_route=%2Fwp%2Fv2%2Fcategories&post=6253"},{"taxonomy":"post_tag","embeddable":true,"href":"https:\/\/vagas.portalemprego.com.br\/index.php?rest_route=%2Fwp%2Fv2%2Ftags&post=6253"}],"curies":[{"name":"wp","href":"https:\/\/api.w.org\/{rel}","templated":true}]}}