{"id":6254,"date":"2026-04-29T06:04:04","date_gmt":"2026-04-29T09:04:04","guid":{"rendered":"https:\/\/vagas.portalemprego.com.br\/?p=6254"},"modified":"2026-04-29T06:04:04","modified_gmt":"2026-04-29T09:04:04","slug":"lider-de-venda-ativa-produtos-financeiros-comercial-vendas-rio-de-janeiro","status":"publish","type":"post","link":"https:\/\/vagas.portalemprego.com.br\/?p=6254","title":{"rendered":"L\u00edder de Venda Ativa (Produtos Financeiros) &#8211; Comercial, Vendas &#8211; Rio de Janeiro"},"content":{"rendered":"<p>Sobre a vaga:<br \/>\nTrabalhamos para voc\u00ea ser mais voc\u00ea em todos os momentos, come\u00e7ando pela sua carreira. Se voc\u00ea se identifica conosco e procura uma empresa, acima de tudo, apaixonada por pessoas, #VemPraCeA!<\/p>\n<p>Principais atribui\u00e7\u00f5es:<br \/>\n&#8211; Gest\u00e3o da equipe no atendimento das pessoas clientes;<br \/>\n&#8211; An\u00e1lise de indicadores;<br \/>\n&#8211; Venda dos produtos e servi\u00e7os nos pontos de caixa;<br \/>\n&#8211; Engajamento, capacita\u00e7\u00e3o e desenvolvimento de time de vendas.<\/p>\n<p>Requisitos obrigat\u00f3rios:<br \/>\n&#8211; Ensino M\u00e9dio completo. Desej\u00e1vel superior cursando ou completo;<br \/>\n&#8211; Disponibilidade de hor\u00e1rio;<br \/>\n&#8211; Experi\u00eancia com lideran\u00e7a de equipe de vendas.<br \/>\n&#8211; Comunicar-se de forma clara, eficiente e respeitosa.<\/p>\n<ul>\n<li>Local de trabalho: Rio de Janeiro, RJ<\/li>\n<li>Regime de contrata\u00e7\u00e3o de tipo: Efetivo \u2013 CLT<\/li>\n<li>Jornada: Per\u00edodo Integral<\/li>\n<li>\u00c1rea e especializa\u00e7\u00e3o profissional: Comercial, Vendas &#8211; Lojas \/ Shopping<\/li>\n<li>N\u00edvel hier\u00e1rquico: Encarregado<\/li>\n<\/ul>\n<p>Escolaridade M\u00ednima: Ensino M\u00e9dio (2\u00ba Grau)<\/p>\n<ul>\n<li>Desconto de 20% nos produtos C&amp;A<\/li>\n<li>Participa\u00e7\u00e3o de lucros<\/li>\n<li>Conv\u00eanio Farm\u00e1cia<\/li>\n<li>Wellhub (Gympass)<\/li>\n<li>Dr. C&amp;A &#8211; Telemedicina e Teleterapias (titular e dependentes)<\/li>\n<li>Programa Amigo &#8211; Apoio psicol\u00f3gico, social, nutricional e fisioter\u00e1pico (titular e dependentes)<\/li>\n<li>Assist\u00eancia m\u00e9dica e odontol\u00f3gica (titular e dependentes, ap\u00f3s 12 meses)<\/li>\n<li>Caf\u00e9 da manh\u00e3 no local e gratuito<\/li>\n<li>Restaurante interno ou vale-refei\u00e7\u00e3o<\/li>\n<li>Vale transporte<\/li>\n<li>Day-off \u2013 folga de anivers\u00e1rio<\/li>\n<li>Conv\u00eanio Sesc<\/li>\n<li>B\u00f4nus por resultado<\/li>\n<\/ul>\n","protected":false},"excerpt":{"rendered":"<p>Sobre a vaga: Trabalhamos para voc\u00ea ser mais voc\u00ea em todos os momentos, come\u00e7ando pela sua carreira. Se voc\u00ea se identifica conosco e procura uma empresa, acima de tudo, apaixonada por pessoas, #VemPraCeA! Principais atribui\u00e7\u00f5es: &#8211; Gest\u00e3o da equipe no atendimento das pessoas clientes; &#8211; An\u00e1lise de indicadores; &#8211; Venda dos produtos e servi\u00e7os nos [&hellip;]<\/p>\n","protected":false},"author":1,"featured_media":0,"comment_status":"open","ping_status":"open","sticky":false,"template":"","format":"standard","meta":{"footnotes":""},"categories":[21],"tags":[],"class_list":["post-6254","post","type-post","status-publish","format-standard","hentry","category-rio-de-janeiro-rj"],"_links":{"self":[{"href":"https:\/\/vagas.portalemprego.com.br\/index.php?rest_route=\/wp\/v2\/posts\/6254","targetHints":{"allow":["GET"]}}],"collection":[{"href":"https:\/\/vagas.portalemprego.com.br\/index.php?rest_route=\/wp\/v2\/posts"}],"about":[{"href":"https:\/\/vagas.portalemprego.com.br\/index.php?rest_route=\/wp\/v2\/types\/post"}],"author":[{"embeddable":true,"href":"https:\/\/vagas.portalemprego.com.br\/index.php?rest_route=\/wp\/v2\/users\/1"}],"replies":[{"embeddable":true,"href":"https:\/\/vagas.portalemprego.com.br\/index.php?rest_route=%2Fwp%2Fv2%2Fcomments&post=6254"}],"version-history":[{"count":0,"href":"https:\/\/vagas.portalemprego.com.br\/index.php?rest_route=\/wp\/v2\/posts\/6254\/revisions"}],"wp:attachment":[{"href":"https:\/\/vagas.portalemprego.com.br\/index.php?rest_route=%2Fwp%2Fv2%2Fmedia&parent=6254"}],"wp:term":[{"taxonomy":"category","embeddable":true,"href":"https:\/\/vagas.portalemprego.com.br\/index.php?rest_route=%2Fwp%2Fv2%2Fcategories&post=6254"},{"taxonomy":"post_tag","embeddable":true,"href":"https:\/\/vagas.portalemprego.com.br\/index.php?rest_route=%2Fwp%2Fv2%2Ftags&post=6254"}],"curies":[{"name":"wp","href":"https:\/\/api.w.org\/{rel}","templated":true}]}}