{"id":6255,"date":"2026-04-29T06:04:04","date_gmt":"2026-04-29T09:04:04","guid":{"rendered":"https:\/\/vagas.portalemprego.com.br\/?p=6255"},"modified":"2026-04-29T06:04:04","modified_gmt":"2026-04-29T09:04:04","slug":"fiscal-de-prevencao-de-perdas-logistica-logistica-rio-de-janeiro","status":"publish","type":"post","link":"https:\/\/vagas.portalemprego.com.br\/?p=6255","title":{"rendered":"Fiscal de Preven\u00e7\u00e3o de Perdas -Log\u00edstica &#8211; Log\u00edstica &#8211; Rio de Janeiro"},"content":{"rendered":"<p>Estamos com vagas para fiscal de preven\u00e7\u00e3o de  perdas respons\u00e1vel por identificar e minimizar perdas e operacionais em um ambiente de log\u00edstica, como armaz\u00e9ns e centros de distribui\u00e7\u00e3o.<br \/>\nIr\u00e1 trabalhar no galp\u00e3o log\u00edstico localizado no Rio de Janeiro<br \/>\nSal\u00e1rio R$ 1.945,0<br \/>\nVale transporte<br \/>\nVale refei\u00e7\u00e3o R$ 30,33<br \/>\nCesta b\u00e1sica R$ 438,70<br \/>\nSegunda a sabado das 13h40 as 22h00<\/p>\n<p>Necess\u00e1rio ter experi\u00eancia<\/p>\n<ul>\n<li>Local de trabalho: Rio de Janeiro, RJ<\/li>\n<li>Regime de contrata\u00e7\u00e3o de tipo: Tempor\u00e1rio<\/li>\n<li>Jornada: Parcial tardes<\/li>\n<li>\u00c1rea e especializa\u00e7\u00e3o profissional: Log\u00edstica &#8211; Log\u00edstica<\/li>\n<li>N\u00edvel hier\u00e1rquico: Operacional<\/li>\n<\/ul>\n<p>VALORIZADO<\/p>\n<p>Tempo de experi\u00eancia: Entre 1 e 3 anos<\/p>\n<p>Escolaridade M\u00ednima: Ensino M\u00e9dio (2\u00ba Grau)<\/p>\n<p>Sal\u00e1rio: 1970,0<\/p>\n","protected":false},"excerpt":{"rendered":"<p>Estamos com vagas para fiscal de preven\u00e7\u00e3o de perdas respons\u00e1vel por identificar e minimizar perdas e operacionais em um ambiente de log\u00edstica, como armaz\u00e9ns e centros de distribui\u00e7\u00e3o. Ir\u00e1 trabalhar no galp\u00e3o log\u00edstico localizado no Rio de Janeiro Sal\u00e1rio R$ 1.945,0 Vale transporte Vale refei\u00e7\u00e3o R$ 30,33 Cesta b\u00e1sica R$ 438,70 Segunda a sabado das [&hellip;]<\/p>\n","protected":false},"author":1,"featured_media":0,"comment_status":"open","ping_status":"open","sticky":false,"template":"","format":"standard","meta":{"footnotes":""},"categories":[21],"tags":[],"class_list":["post-6255","post","type-post","status-publish","format-standard","hentry","category-rio-de-janeiro-rj"],"_links":{"self":[{"href":"https:\/\/vagas.portalemprego.com.br\/index.php?rest_route=\/wp\/v2\/posts\/6255","targetHints":{"allow":["GET"]}}],"collection":[{"href":"https:\/\/vagas.portalemprego.com.br\/index.php?rest_route=\/wp\/v2\/posts"}],"about":[{"href":"https:\/\/vagas.portalemprego.com.br\/index.php?rest_route=\/wp\/v2\/types\/post"}],"author":[{"embeddable":true,"href":"https:\/\/vagas.portalemprego.com.br\/index.php?rest_route=\/wp\/v2\/users\/1"}],"replies":[{"embeddable":true,"href":"https:\/\/vagas.portalemprego.com.br\/index.php?rest_route=%2Fwp%2Fv2%2Fcomments&post=6255"}],"version-history":[{"count":0,"href":"https:\/\/vagas.portalemprego.com.br\/index.php?rest_route=\/wp\/v2\/posts\/6255\/revisions"}],"wp:attachment":[{"href":"https:\/\/vagas.portalemprego.com.br\/index.php?rest_route=%2Fwp%2Fv2%2Fmedia&parent=6255"}],"wp:term":[{"taxonomy":"category","embeddable":true,"href":"https:\/\/vagas.portalemprego.com.br\/index.php?rest_route=%2Fwp%2Fv2%2Fcategories&post=6255"},{"taxonomy":"post_tag","embeddable":true,"href":"https:\/\/vagas.portalemprego.com.br\/index.php?rest_route=%2Fwp%2Fv2%2Ftags&post=6255"}],"curies":[{"name":"wp","href":"https:\/\/api.w.org\/{rel}","templated":true}]}}