{"id":6261,"date":"2026-04-29T06:04:04","date_gmt":"2026-04-29T09:04:04","guid":{"rendered":"https:\/\/vagas.portalemprego.com.br\/?p=6261"},"modified":"2026-04-29T06:04:04","modified_gmt":"2026-04-29T09:04:04","slug":"auxiliar-de-servicos-de-alimentacao-alimentacao-gastronomia-petropolis-2","status":"publish","type":"post","link":"https:\/\/vagas.portalemprego.com.br\/?p=6261","title":{"rendered":"Auxiliar de Servi\u00e7os de Alimenta\u00e7\u00e3o &#8211; Alimenta\u00e7\u00e3o \/ Gastronomia &#8211; Petr\u00f3polis"},"content":{"rendered":"<p>MISS\u00c3O DO CARGO:<\/p>\n<p>Auxiliar no preparo das refei\u00e7\u00f5es, seguindo os procedimentos descritos em POP&#8217;s e Manual de Boas Pr\u00e1ticas.<br \/>\nAtendimento personalizado e atencioso a todos os nossos clientes, sem prote\u00e7\u00e3o ou discrimina\u00e7\u00e3o, gerando no cliente uma sensa\u00e7\u00e3o de conforto e afetividade.<\/p>\n<p>ATRIBUI\u00c7\u00d5ES PRINCIPAIS:<\/p>\n<p>Seguir as determina\u00e7\u00f5es de cada setor espec\u00edfico dentro da cozinha. S\u00e3o eles: Caf\u00e9, Carne, Fog\u00e3o, Vapor, Dieta, Limpeza, Ajudante Geral e Refeit\u00f3rio;<br \/>\nGarantir a organiza\u00e7\u00e3o e higieniza\u00e7\u00e3o da cozinha;<br \/>\nExecutar as atribui\u00e7\u00f5es determinadas pela nutricionista de produ\u00e7\u00e3o ou chefe de cozinha, al\u00e9m de observar as atribui\u00e7\u00f5es das escalas de servi\u00e7os e setores;<br \/>\nGarantir a prepara\u00e7\u00e3o, distribui\u00e7\u00e3o e porcionamento das dietas seguindo normas dos POP&#8217;s e Manual, e de acordo com a dieta descrita na etiqueta de identifica\u00e7\u00e3o.<br \/>\nAuxiliar na prepara\u00e7\u00e3o das refei\u00e7\u00f5es, de acordo com os card\u00e1pios estipulados, seguindo orienta\u00e7\u00e3o do Cozinheiro e\/ou Nutricionista.<br \/>\nPreparar local, material e alimentos para confec\u00e7\u00e3o das prepara\u00e7\u00f5es das refei\u00e7\u00f5es de todos os clientes e acompanhantes;<br \/>\nExecutar a higieniza\u00e7\u00e3o e desinfec\u00e7\u00e3o de todo o seu local de trabalho, das m\u00e1quinas, materiais e utens\u00edlios que utilizar, guardando-os em locais apropriados;<br \/>\nElaborar e preparar sobremesas e lanches extras (coffee breaks, anivers\u00e1rios, bolos festivos, kits de lanches, etc.);<br \/>\nIdentificar e coletar as amostras dos alimentos diariamente, acondicionando-os em local e temperatura espec\u00edficos, seguindo as normas do Manual de Boas Pr\u00e1ticas.<\/p>\n<ul>\n<li>Local de trabalho: Petr\u00f3polis, RJ<\/li>\n<li>Regime de contrata\u00e7\u00e3o de tipo: Efetivo \u2013 CLT<\/li>\n<li>Jornada: Per\u00edodo Integral<\/li>\n<li>\u00c1rea e especializa\u00e7\u00e3o profissional: Alimenta\u00e7\u00e3o \/ Gastronomia &#8211; Cozinha<\/li>\n<li>N\u00edvel hier\u00e1rquico: Auxiliar<\/li>\n<\/ul>\n<p>VALORIZADO<\/p>\n<p>Tempo de experi\u00eancia: Entre 1 e 3 anos<\/p>\n<p>Escolaridade M\u00ednima: Ensino Fundamental (1\u00ba grau)<\/p>\n<ul>\n<li>Conv\u00eanio com Farm\u00e1cia<\/li>\n<li>Assist\u00eancia m\u00e9dica<\/li>\n<li>Seguro de Vida<\/li>\n<li>Vale Alimenta\u00e7\u00e3o<\/li>\n<li>Assist\u00eancia odontol\u00f3gica<\/li>\n<li>Conv\u00eanio com SESC<\/li>\n<li>Refei\u00e7\u00e3o no local<\/li>\n<li>Gympass<\/li>\n<\/ul>\n","protected":false},"excerpt":{"rendered":"<p>MISS\u00c3O DO CARGO: Auxiliar no preparo das refei\u00e7\u00f5es, seguindo os procedimentos descritos em POP&#8217;s e Manual de Boas Pr\u00e1ticas. Atendimento personalizado e atencioso a todos os nossos clientes, sem prote\u00e7\u00e3o ou discrimina\u00e7\u00e3o, gerando no cliente uma sensa\u00e7\u00e3o de conforto e afetividade. ATRIBUI\u00c7\u00d5ES PRINCIPAIS: Seguir as determina\u00e7\u00f5es de cada setor espec\u00edfico dentro da cozinha. S\u00e3o eles: [&hellip;]<\/p>\n","protected":false},"author":1,"featured_media":0,"comment_status":"open","ping_status":"open","sticky":false,"template":"","format":"standard","meta":{"footnotes":""},"categories":[21],"tags":[],"class_list":["post-6261","post","type-post","status-publish","format-standard","hentry","category-rio-de-janeiro-rj"],"_links":{"self":[{"href":"https:\/\/vagas.portalemprego.com.br\/index.php?rest_route=\/wp\/v2\/posts\/6261","targetHints":{"allow":["GET"]}}],"collection":[{"href":"https:\/\/vagas.portalemprego.com.br\/index.php?rest_route=\/wp\/v2\/posts"}],"about":[{"href":"https:\/\/vagas.portalemprego.com.br\/index.php?rest_route=\/wp\/v2\/types\/post"}],"author":[{"embeddable":true,"href":"https:\/\/vagas.portalemprego.com.br\/index.php?rest_route=\/wp\/v2\/users\/1"}],"replies":[{"embeddable":true,"href":"https:\/\/vagas.portalemprego.com.br\/index.php?rest_route=%2Fwp%2Fv2%2Fcomments&post=6261"}],"version-history":[{"count":0,"href":"https:\/\/vagas.portalemprego.com.br\/index.php?rest_route=\/wp\/v2\/posts\/6261\/revisions"}],"wp:attachment":[{"href":"https:\/\/vagas.portalemprego.com.br\/index.php?rest_route=%2Fwp%2Fv2%2Fmedia&parent=6261"}],"wp:term":[{"taxonomy":"category","embeddable":true,"href":"https:\/\/vagas.portalemprego.com.br\/index.php?rest_route=%2Fwp%2Fv2%2Fcategories&post=6261"},{"taxonomy":"post_tag","embeddable":true,"href":"https:\/\/vagas.portalemprego.com.br\/index.php?rest_route=%2Fwp%2Fv2%2Ftags&post=6261"}],"curies":[{"name":"wp","href":"https:\/\/api.w.org\/{rel}","templated":true}]}}