{"id":6262,"date":"2026-04-29T06:04:04","date_gmt":"2026-04-29T09:04:04","guid":{"rendered":"https:\/\/vagas.portalemprego.com.br\/?p=6262"},"modified":"2026-04-29T06:04:04","modified_gmt":"2026-04-29T09:04:04","slug":"analista-de-logistica-logistica-queimados","status":"publish","type":"post","link":"https:\/\/vagas.portalemprego.com.br\/?p=6262","title":{"rendered":"Analista de Log\u00edstica &#8211; Log\u00edstica &#8211; Queimados"},"content":{"rendered":"<p>-Expedir os produtos e os insumos<br \/>\n&#8211; Desenvolver as atividades pertinentes ao m\u00f3dulo EWM no SAP<br \/>\n&#8211; Acompanhar e garantir as corretas movimenta\u00e7\u00f5es no estoque<br \/>\n-Conferir as documenta\u00e7\u00f5es pertinentes dos produtos de acordo com as notas com as notas fiscais impressas;<br \/>\n-Preencher o check-list de expedi\u00e7\u00e3o;<br \/>\n-Informar os produtos vencidos e a vencer;<br \/>\n&#8211; Agendamento de coleta feita pelas transportadoras contradas<\/p>\n<ul>\n<li>Local de trabalho: Queimados, RJ<\/li>\n<li>Regime de contrata\u00e7\u00e3o de tipo: Tempor\u00e1rio<\/li>\n<li>Jornada: Per\u00edodo Integral<\/li>\n<li>\u00c1rea e especializa\u00e7\u00e3o profissional: Log\u00edstica &#8211; Log\u00edstica<\/li>\n<li>N\u00edvel hier\u00e1rquico: Analista<\/li>\n<\/ul>\n<p>Escolaridade M\u00ednima: Ensino Superior<\/p>\n<p>Forma\u00e7\u00e3o desejada:<\/p>\n<ul>\n<li>Administra\u00e7\u00e3o de empresas, Ensino Superior<\/li>\n<li>Log\u00edstica, Ensino Superior<\/li>\n<\/ul>\n<ul>\n<li>vale transporte<\/li>\n<li>vale refei\u00e7\u00e3o\/alimenta\u00e7\u00e3o R$980,00<\/li>\n<li>plano de sa\u00fade como coparticipa\u00e7\u00e3o<\/li>\n<\/ul>\n<p>Sal\u00e1rio: 5000,0<\/p>\n","protected":false},"excerpt":{"rendered":"<p>-Expedir os produtos e os insumos &#8211; Desenvolver as atividades pertinentes ao m\u00f3dulo EWM no SAP &#8211; Acompanhar e garantir as corretas movimenta\u00e7\u00f5es no estoque -Conferir as documenta\u00e7\u00f5es pertinentes dos produtos de acordo com as notas com as notas fiscais impressas; -Preencher o check-list de expedi\u00e7\u00e3o; -Informar os produtos vencidos e a vencer; &#8211; Agendamento [&hellip;]<\/p>\n","protected":false},"author":1,"featured_media":0,"comment_status":"open","ping_status":"open","sticky":false,"template":"","format":"standard","meta":{"footnotes":""},"categories":[21],"tags":[],"class_list":["post-6262","post","type-post","status-publish","format-standard","hentry","category-rio-de-janeiro-rj"],"_links":{"self":[{"href":"https:\/\/vagas.portalemprego.com.br\/index.php?rest_route=\/wp\/v2\/posts\/6262","targetHints":{"allow":["GET"]}}],"collection":[{"href":"https:\/\/vagas.portalemprego.com.br\/index.php?rest_route=\/wp\/v2\/posts"}],"about":[{"href":"https:\/\/vagas.portalemprego.com.br\/index.php?rest_route=\/wp\/v2\/types\/post"}],"author":[{"embeddable":true,"href":"https:\/\/vagas.portalemprego.com.br\/index.php?rest_route=\/wp\/v2\/users\/1"}],"replies":[{"embeddable":true,"href":"https:\/\/vagas.portalemprego.com.br\/index.php?rest_route=%2Fwp%2Fv2%2Fcomments&post=6262"}],"version-history":[{"count":0,"href":"https:\/\/vagas.portalemprego.com.br\/index.php?rest_route=\/wp\/v2\/posts\/6262\/revisions"}],"wp:attachment":[{"href":"https:\/\/vagas.portalemprego.com.br\/index.php?rest_route=%2Fwp%2Fv2%2Fmedia&parent=6262"}],"wp:term":[{"taxonomy":"category","embeddable":true,"href":"https:\/\/vagas.portalemprego.com.br\/index.php?rest_route=%2Fwp%2Fv2%2Fcategories&post=6262"},{"taxonomy":"post_tag","embeddable":true,"href":"https:\/\/vagas.portalemprego.com.br\/index.php?rest_route=%2Fwp%2Fv2%2Ftags&post=6262"}],"curies":[{"name":"wp","href":"https:\/\/api.w.org\/{rel}","templated":true}]}}