{"id":6264,"date":"2026-04-29T06:04:04","date_gmt":"2026-04-29T09:04:04","guid":{"rendered":"https:\/\/vagas.portalemprego.com.br\/?p=6264"},"modified":"2026-04-29T06:04:04","modified_gmt":"2026-04-29T09:04:04","slug":"correspondente-juridico-freelancer-rio-de-janeiro-rj-juridica-rio-de-janeiro","status":"publish","type":"post","link":"https:\/\/vagas.portalemprego.com.br\/?p=6264","title":{"rendered":"Correspondente Jur\u00eddico Freelancer | Rio de Janeiro\/RJ &#8211; Jur\u00eddica &#8211; Rio de Janeiro"},"content":{"rendered":"<p>Miss\u00e3o do Cargo:<br \/>\nRepresentar a empresa presencialmente em varas e \u00f3rg\u00e3os jur\u00eddicos, apresentando o trabalho do perito cont\u00e1bil trabalhista, prospectando clientes e consolidando nossa presen\u00e7a no mercado.<\/p>\n<p>Atua\u00e7\u00e3o:<br \/>\nPresencial no Rio de Janeiro, visitando varas, tribunais e escrit\u00f3rios.<\/p>\n<p>Requisitos:<br \/>\nConhecimento pr\u00e9vio na \u00e1rea jur\u00eddica ou Direito trabalhista (desej\u00e1vel);<br \/>\nBoa comunica\u00e7\u00e3o oral e escrita;<br \/>\nOrganiza\u00e7\u00e3o para registrar contatos e a\u00e7\u00f5es;<br \/>\nProatividade e orienta\u00e7\u00e3o para resultados;<br \/>\nExperi\u00eancia com atendimento ao cliente \u00e9 um diferencial.<\/p>\n<p>Atividades:<br \/>\nApresentar o trabalho do perito cont\u00e1bil trabalhista a servidores, diretores e ju\u00edzes;<br \/>\nProspectar e apresentar nossos servi\u00e7os;<br \/>\nEntregar cart\u00f5es de visita e curr\u00edculos;<br \/>\nAnotar a\u00e7\u00f5es e registrar como foi o contato;<br \/>\nIndicar pr\u00f3ximas a\u00e7\u00f5es ou necessidades identificadas;<br \/>\nManter relacionamento com clientes existentes.<\/p>\n<p>Carga Hor\u00e1ria: Flex\u00edvel, conforme demandas (freelancer).<\/p>\n<p>Local: Presencial \u2013 Rio de Janeiro.<\/p>\n<ul>\n<li>Local de trabalho: Rio de Janeiro, RJ<\/li>\n<li>Regime de contrata\u00e7\u00e3o de tipo: Aut\u00f4nomo<\/li>\n<li>Jornada: Per\u00edodo Integral<\/li>\n<li>\u00c1rea e especializa\u00e7\u00e3o profissional: Jur\u00eddica &#8211; Trabalhista<\/li>\n<li>N\u00edvel hier\u00e1rquico: Assistente<\/li>\n<\/ul>\n<p>VALORIZADO<\/p>\n<p>Tempo de experi\u00eancia: Menos de 1 ano<\/p>\n<p>HABILIDADES<\/p>\n<ul>\n<li>Comunica\u00e7\u00e3o eficaz<\/li>\n<li>Negocia\u00e7\u00e3o e persuas\u00e3o<\/li>\n<li>Organiza\u00e7\u00e3o e disciplina<\/li>\n<li>Relacionamento interpessoal:<\/li>\n<li>Conhecimento b\u00e1sico de processos jur\u00eddicos<\/li>\n<\/ul>\n<p>Escolaridade M\u00ednima: Ensino Superior<\/p>\n<p>Forma\u00e7\u00e3o desejada:<\/p>\n<ul>\n<li>Marketing, Ensino Superior<\/li>\n<li>Direito, Ensino Superior<\/li>\n<\/ul>\n<p>Idiomas:<\/p>\n<ul>\n<li>Portugu\u00eas (Intermedi\u00e1rio)<\/li>\n<\/ul>\n<p>Habilita\u00e7\u00e3o para dirigir: A, B<\/p>\n<p>Ve\u00edculo pr\u00f3prio<\/p>\n<p>Disponibilidade para viajar<\/p>\n","protected":false},"excerpt":{"rendered":"<p>Miss\u00e3o do Cargo: Representar a empresa presencialmente em varas e \u00f3rg\u00e3os jur\u00eddicos, apresentando o trabalho do perito cont\u00e1bil trabalhista, prospectando clientes e consolidando nossa presen\u00e7a no mercado. Atua\u00e7\u00e3o: Presencial no Rio de Janeiro, visitando varas, tribunais e escrit\u00f3rios. Requisitos: Conhecimento pr\u00e9vio na \u00e1rea jur\u00eddica ou Direito trabalhista (desej\u00e1vel); Boa comunica\u00e7\u00e3o oral e escrita; Organiza\u00e7\u00e3o para [&hellip;]<\/p>\n","protected":false},"author":1,"featured_media":0,"comment_status":"open","ping_status":"open","sticky":false,"template":"","format":"standard","meta":{"footnotes":""},"categories":[21],"tags":[],"class_list":["post-6264","post","type-post","status-publish","format-standard","hentry","category-rio-de-janeiro-rj"],"_links":{"self":[{"href":"https:\/\/vagas.portalemprego.com.br\/index.php?rest_route=\/wp\/v2\/posts\/6264","targetHints":{"allow":["GET"]}}],"collection":[{"href":"https:\/\/vagas.portalemprego.com.br\/index.php?rest_route=\/wp\/v2\/posts"}],"about":[{"href":"https:\/\/vagas.portalemprego.com.br\/index.php?rest_route=\/wp\/v2\/types\/post"}],"author":[{"embeddable":true,"href":"https:\/\/vagas.portalemprego.com.br\/index.php?rest_route=\/wp\/v2\/users\/1"}],"replies":[{"embeddable":true,"href":"https:\/\/vagas.portalemprego.com.br\/index.php?rest_route=%2Fwp%2Fv2%2Fcomments&post=6264"}],"version-history":[{"count":0,"href":"https:\/\/vagas.portalemprego.com.br\/index.php?rest_route=\/wp\/v2\/posts\/6264\/revisions"}],"wp:attachment":[{"href":"https:\/\/vagas.portalemprego.com.br\/index.php?rest_route=%2Fwp%2Fv2%2Fmedia&parent=6264"}],"wp:term":[{"taxonomy":"category","embeddable":true,"href":"https:\/\/vagas.portalemprego.com.br\/index.php?rest_route=%2Fwp%2Fv2%2Fcategories&post=6264"},{"taxonomy":"post_tag","embeddable":true,"href":"https:\/\/vagas.portalemprego.com.br\/index.php?rest_route=%2Fwp%2Fv2%2Ftags&post=6264"}],"curies":[{"name":"wp","href":"https:\/\/api.w.org\/{rel}","templated":true}]}}