{"id":6265,"date":"2026-04-29T06:04:04","date_gmt":"2026-04-29T09:04:04","guid":{"rendered":"https:\/\/vagas.portalemprego.com.br\/?p=6265"},"modified":"2026-04-29T06:04:04","modified_gmt":"2026-04-29T09:04:04","slug":"analista-financeiro-contabil-financas-economia-rio-de-janeiro-8","status":"publish","type":"post","link":"https:\/\/vagas.portalemprego.com.br\/?p=6265","title":{"rendered":"Analista Financeiro &#8211; Cont\u00e1bil, Finan\u00e7as, Economia &#8211; Rio de Janeiro"},"content":{"rendered":"<p>Estamos em busca de um Analista Financeiro para se juntar ao nosso time de profissionais dedicados e din\u00e2micos.<br \/>\nComo Analista Financeiro, voc\u00ea ser\u00e1 respons\u00e1vel pelos acompanhamentos de pagamentos, acompanhamento dos recebimentos, fluxo de caixa e demais atividades pertinentes ao setor.<\/p>\n<p>Suas habilidades anal\u00edticas e capacidade de interpretar dados complexos ser\u00e3o fundamentais para o sucesso da equipe.<\/p>\n<p>Voc\u00ea deve ter forma\u00e7\u00e3o em contabilidade, economia, administra\u00e7\u00e3o de empresas, ou \u00e1reas relacionadas.<br \/>\nSua capacidade de trabalhar em equipe, combinado com uma aten\u00e7\u00e3o meticulosa aos detalhes, ser\u00e1 essencial para o desempenho da fun\u00e7\u00e3o.<\/p>\n<p>Se voc\u00ea \u00e9 um profissional motivado, com habilidades anal\u00edticas afiadas e uma paix\u00e3o por finan\u00e7as, esta \u00e9 uma oportunidade para se destacar.<br \/>\nEstamos ansiosos para conhecer profissionais talentosos que compartilhem nossa vis\u00e3o e comprometimento com a excel\u00eancia.<\/p>\n<ul>\n<li>Local de trabalho: Rio de Janeiro, RJ<\/li>\n<li>Regime de contrata\u00e7\u00e3o de tipo: Efetivo \u2013 CLT<\/li>\n<li>Jornada: Per\u00edodo Integral<\/li>\n<li>\u00c1rea e especializa\u00e7\u00e3o profissional: Cont\u00e1bil, Finan\u00e7as, Economia &#8211; Finan\u00e7as<\/li>\n<li>N\u00edvel hier\u00e1rquico: Analista<\/li>\n<\/ul>\n<p>VALORIZADO<\/p>\n<p>Tempo de experi\u00eancia: Entre 1 e 3 anos<\/p>\n<p>Escolaridade M\u00ednima: Ensino Superior<\/p>\n<ul>\n<li>PLR<\/li>\n<li>Plano de Sa\u00fade<\/li>\n<li>Seguro de Vida<\/li>\n<li>Vale Alimenta\u00e7\u00e3o\/Refei\u00e7\u00e3o<\/li>\n<li>Vale Transporte<\/li>\n<li>Plano Odontol\u00f3gico<\/li>\n<\/ul>\n<p>Sal\u00e1rio: 4000,0<\/p>\n","protected":false},"excerpt":{"rendered":"<p>Estamos em busca de um Analista Financeiro para se juntar ao nosso time de profissionais dedicados e din\u00e2micos. Como Analista Financeiro, voc\u00ea ser\u00e1 respons\u00e1vel pelos acompanhamentos de pagamentos, acompanhamento dos recebimentos, fluxo de caixa e demais atividades pertinentes ao setor. Suas habilidades anal\u00edticas e capacidade de interpretar dados complexos ser\u00e3o fundamentais para o sucesso da [&hellip;]<\/p>\n","protected":false},"author":1,"featured_media":0,"comment_status":"open","ping_status":"open","sticky":false,"template":"","format":"standard","meta":{"footnotes":""},"categories":[21],"tags":[],"class_list":["post-6265","post","type-post","status-publish","format-standard","hentry","category-rio-de-janeiro-rj"],"_links":{"self":[{"href":"https:\/\/vagas.portalemprego.com.br\/index.php?rest_route=\/wp\/v2\/posts\/6265","targetHints":{"allow":["GET"]}}],"collection":[{"href":"https:\/\/vagas.portalemprego.com.br\/index.php?rest_route=\/wp\/v2\/posts"}],"about":[{"href":"https:\/\/vagas.portalemprego.com.br\/index.php?rest_route=\/wp\/v2\/types\/post"}],"author":[{"embeddable":true,"href":"https:\/\/vagas.portalemprego.com.br\/index.php?rest_route=\/wp\/v2\/users\/1"}],"replies":[{"embeddable":true,"href":"https:\/\/vagas.portalemprego.com.br\/index.php?rest_route=%2Fwp%2Fv2%2Fcomments&post=6265"}],"version-history":[{"count":0,"href":"https:\/\/vagas.portalemprego.com.br\/index.php?rest_route=\/wp\/v2\/posts\/6265\/revisions"}],"wp:attachment":[{"href":"https:\/\/vagas.portalemprego.com.br\/index.php?rest_route=%2Fwp%2Fv2%2Fmedia&parent=6265"}],"wp:term":[{"taxonomy":"category","embeddable":true,"href":"https:\/\/vagas.portalemprego.com.br\/index.php?rest_route=%2Fwp%2Fv2%2Fcategories&post=6265"},{"taxonomy":"post_tag","embeddable":true,"href":"https:\/\/vagas.portalemprego.com.br\/index.php?rest_route=%2Fwp%2Fv2%2Ftags&post=6265"}],"curies":[{"name":"wp","href":"https:\/\/api.w.org\/{rel}","templated":true}]}}