{"id":6266,"date":"2026-04-29T06:04:04","date_gmt":"2026-04-29T09:04:04","guid":{"rendered":"https:\/\/vagas.portalemprego.com.br\/?p=6266"},"modified":"2026-04-29T06:04:04","modified_gmt":"2026-04-29T09:04:04","slug":"analista-de-qualidade-jr-qualidade-macae","status":"publish","type":"post","link":"https:\/\/vagas.portalemprego.com.br\/?p=6266","title":{"rendered":"Analista de Qualidade Jr &#8211; Qualidade &#8211; Maca\u00e9"},"content":{"rendered":"<p>Auxiliar na estrutura\u00e7\u00e3o e an\u00e1lise de informa\u00e7\u00f5es e implementa\u00e7\u00e3o de solu\u00e7\u00f5es corporativas para viabilizar e aprimorar processos internos e subsidiar a tomada de decis\u00e3o.<\/p>\n<p>Requisitos:<br \/>\n&#8211; Ensino superior completo em Administra\u00e7\u00e3o, Tecnologia ou \u00e1reas afins<\/p>\n<p>Conhecimentos:<br \/>\n&#8211; Microinform\u00e1tica: Pacote Office, e ferramentas de diagrama\u00e7\u00e3o e nota\u00e7\u00f5es de processos;<br \/>\n&#8211; Legisla\u00e7\u00e3o pertinente a planos de Sa\u00fade;<br \/>\n&#8211; Reda\u00e7\u00e3o de normas e procedimentos, Legisla\u00e7\u00f5es, Resolu\u00e7\u00f5es &#8211; RDC, Portarias e Normas Regulamentadoras \u2013 NR;<\/p>\n<p>Atividades e pr\u00e1ticas necess\u00e1rias para o desenvolvimento da fun\u00e7\u00e3o:<br \/>\n&#8211; Coletar e levantar informa\u00e7\u00f5es com atores e gestores (em formatos de entrevistas, reuni\u00f5es, question\u00e1rios, e observa\u00e7\u00f5es) com base na metodologia disponibilizada pela empresa a fim de iniciar o mapeamento\/modelagem dos processos;<br \/>\n&#8211; Realizar redesenho\/modelagem de processos com base no Mapa de Melhorias e na metodologia disponibilizada pela empresa;<br \/>\n&#8211; Elaborar e auxiliar os setores na descri\u00e7\u00e3o de POP\u2019S (Procedimento Operacional Padr\u00e3o Sist\u00eamico);<br \/>\n&#8211; Disponibilizar insumos (documenta\u00e7\u00e3o de processos: fluxograma, slides conceituais, POP\u00b4S e outros) para o treinamento de implanta\u00e7\u00e3o de processos;<br \/>\n&#8211; Publicar os processos e documentos regimentais nas plataformas digitais e f\u00edsicas disponibilizadas pela empresa;<br \/>\n&#8211; Comunicar as opera\u00e7\u00f5es de mudan\u00e7as\/altera\u00e7\u00f5es e os impactos gerados nos processos e procedimentos para os envolvidos direta e indiretamente;<br \/>\n&#8211; Subsidiar\/esclarecer d\u00favidas t\u00e9cnicas de baixa complexidade sobre gest\u00e3o de processos \u00e0s partes interessadas;<br \/>\n&#8211; Gerir documentos f\u00edsicos e digitais do setor (atas de reuni\u00f5es, documentos regimentais, pap\u00e9is de trabalho) conforme metodologia de padroniza\u00e7\u00e3o da empresa;<br \/>\n&#8211; Atualizar os protocolos, documentos, normas e diretrizes da institui\u00e7\u00e3o, conforme informa\u00e7\u00f5es das \u00e1reas, com objetivo de padroniza\u00e7\u00e3o e formaliza\u00e7\u00e3o;<br \/>\n&#8211; Auxiliar nas a\u00e7\u00f5es de postagem e organiza\u00e7\u00e3o da intranet, sites e demais plataforma digitais que envoldam a padroniza\u00e7\u00e3o e publica\u00e7\u00e3o de documentos;<br \/>\n&#8211; Acompanhar publica\u00e7\u00f5es e atualiza\u00e7\u00f5es no site da Unimed Brasil, referente a gest\u00e3o da marca, afim de reportar ao Gestor imediato sobre as mudan\u00e7as e novidades ocorridas;<br \/>\n&#8211; Acompanhar os comunicados, publica\u00e7\u00f5es e atualiza\u00e7\u00f5es referente aos selos e certifica\u00e7\u00f5es em que a empresa aderir devendo informar o Gestor imediato sobre as mudan\u00e7as e novidades ocorridas;<br \/>\n&#8211; Auxiliar com informa\u00e7\u00f5es complementares\/t\u00e9cnicas na elabora\u00e7\u00e3o do planejamento operacional para ades\u00e3o, acompanhamento e monitoramento dos selos e certifica\u00e7\u00f5es aderidas pela empresa;<br \/>\n&#8211; Realizar monitoramento de prazos e evid\u00eancias dos selos e certifica\u00e7\u00f5es de forma sist\u00eamica\/digital e\/ou f\u00edsica para reporte ao Gestor imediato;<br \/>\n&#8211; Auxiliar nas comiss\u00f5es internas na implementa\u00e7\u00e3o sist\u00eamica e de projetos base nas normativas emitidas pela ANS alinhado a ferramentas e sistemas da Gest\u00e3o da Qualidade;<br \/>\n&#8211; Executar os programas ader\u00eancia de processos, relacionados \u00e0 qualidade, com o objetivo de identificar defici\u00eancias em processos, estrutura e resultados;<br \/>\n&#8211; Realizar apontamento em planilhas ou software dos status das tarefas a serem cumpridas nos projetos envolvidos e elaborar relat\u00f3rios sint\u00e9ticos de baixa complexidade para apresenta\u00e7\u00e3o de resultados as partes interessadas e Gestor imediato;<br \/>\n&#8211; Participar de reuni\u00f5es internas do setor para entendimento metodol\u00f3gico sobre as estrat\u00e9gias operacionais dos projetos envolvidos. <\/p>\n<p>As oportunidades da Unimed Costa do Sol tamb\u00e9m s\u00e3o estendidas para Pessoas com Defici\u00eancia (PCD\u2019s).<\/p>\n<ul>\n<li>Local de trabalho: Maca\u00e9, RJ<\/li>\n<li>Regime de contrata\u00e7\u00e3o de tipo: Efetivo \u2013 CLT<\/li>\n<li>Jornada: Per\u00edodo Integral<\/li>\n<li>\u00c1rea e especializa\u00e7\u00e3o profissional: Qualidade &#8211; Qualidade<\/li>\n<li>N\u00edvel hier\u00e1rquico: Analista<\/li>\n<\/ul>\n<p>Escolaridade M\u00ednima: Ensino Superior<\/p>\n<ul>\n<li>Vale alimenta\u00e7\u00e3o ou refei\u00e7\u00e3o<\/li>\n<li>Plano de Sa\u00fade<\/li>\n<li>Vale Transporte<\/li>\n<li>Aux\u00edlio Educa\u00e7\u00e3o<\/li>\n<li>Programa de Apoio ao Empregado<\/li>\n<li>Day Off Anivers\u00e1rio<\/li>\n<\/ul>\n","protected":false},"excerpt":{"rendered":"<p>Auxiliar na estrutura\u00e7\u00e3o e an\u00e1lise de informa\u00e7\u00f5es e implementa\u00e7\u00e3o de solu\u00e7\u00f5es corporativas para viabilizar e aprimorar processos internos e subsidiar a tomada de decis\u00e3o. Requisitos: &#8211; Ensino superior completo em Administra\u00e7\u00e3o, Tecnologia ou \u00e1reas afins Conhecimentos: &#8211; Microinform\u00e1tica: Pacote Office, e ferramentas de diagrama\u00e7\u00e3o e nota\u00e7\u00f5es de processos; &#8211; Legisla\u00e7\u00e3o pertinente a planos de Sa\u00fade; [&hellip;]<\/p>\n","protected":false},"author":1,"featured_media":0,"comment_status":"open","ping_status":"open","sticky":false,"template":"","format":"standard","meta":{"footnotes":""},"categories":[21],"tags":[],"class_list":["post-6266","post","type-post","status-publish","format-standard","hentry","category-rio-de-janeiro-rj"],"_links":{"self":[{"href":"https:\/\/vagas.portalemprego.com.br\/index.php?rest_route=\/wp\/v2\/posts\/6266","targetHints":{"allow":["GET"]}}],"collection":[{"href":"https:\/\/vagas.portalemprego.com.br\/index.php?rest_route=\/wp\/v2\/posts"}],"about":[{"href":"https:\/\/vagas.portalemprego.com.br\/index.php?rest_route=\/wp\/v2\/types\/post"}],"author":[{"embeddable":true,"href":"https:\/\/vagas.portalemprego.com.br\/index.php?rest_route=\/wp\/v2\/users\/1"}],"replies":[{"embeddable":true,"href":"https:\/\/vagas.portalemprego.com.br\/index.php?rest_route=%2Fwp%2Fv2%2Fcomments&post=6266"}],"version-history":[{"count":0,"href":"https:\/\/vagas.portalemprego.com.br\/index.php?rest_route=\/wp\/v2\/posts\/6266\/revisions"}],"wp:attachment":[{"href":"https:\/\/vagas.portalemprego.com.br\/index.php?rest_route=%2Fwp%2Fv2%2Fmedia&parent=6266"}],"wp:term":[{"taxonomy":"category","embeddable":true,"href":"https:\/\/vagas.portalemprego.com.br\/index.php?rest_route=%2Fwp%2Fv2%2Fcategories&post=6266"},{"taxonomy":"post_tag","embeddable":true,"href":"https:\/\/vagas.portalemprego.com.br\/index.php?rest_route=%2Fwp%2Fv2%2Ftags&post=6266"}],"curies":[{"name":"wp","href":"https:\/\/api.w.org\/{rel}","templated":true}]}}