{"id":6268,"date":"2026-04-29T06:04:04","date_gmt":"2026-04-29T09:04:04","guid":{"rendered":"https:\/\/vagas.portalemprego.com.br\/?p=6268"},"modified":"2026-04-29T06:04:04","modified_gmt":"2026-04-29T09:04:04","slug":"auxiliar-de-rampa-transportes-rio-de-janeiro","status":"publish","type":"post","link":"https:\/\/vagas.portalemprego.com.br\/?p=6268","title":{"rendered":"Auxiliar de Rampa &#8211; Transportes &#8211; Rio de Janeiro"},"content":{"rendered":"<p>PARA PARTICIPAR DO PROCESSO SELETIVO, INSCREVA-SE NO LINK ABAIXO:<br \/>\nhttps:\/\/docs.google.com\/forms\/d\/e\/1FAIpQLSe1tVFkPMO25L2ZXRPkBf4b73WctceUns4Sx_xIo90_F0-qgg\/viewform?usp=header<\/p>\n<p>A WFS Orbital est\u00e1 com vagas abertas! Temos excelentes oportunidades esperando por voc\u00ea!<\/p>\n<p>Estamos em busca de profissionais para atuar como Auxiliar de Rampa e Auxiliar de Esteira. Se voc\u00ea deseja fazer parte de uma equipe comprometida e que valoriza a seguran\u00e7a, venha fazer parte do nosso time.<\/p>\n<p>Requisitos:<br \/>\nSer maior de 18 anos;<br \/>\nBoa comunica\u00e7\u00e3o;<br \/>\nEnsino M\u00e9dio Completo.<br \/>\n Responsabilidades:<\/p>\n<p>&#8211; Realizar a opera\u00e7\u00e3o de atendimento de rampa (triagem, carregamento e descarregamento) das aeronaves.<\/p>\n<p>&#8211; Executar atividades com seguran\u00e7a, qualidade e pontualidade.<\/p>\n<p>&#8211; Garantir efici\u00eancia no processo operacional.<\/p>\n<p>&#8211; Contribuir para a boa percep\u00e7\u00e3o do cliente em rela\u00e7\u00e3o:<\/p>\n<p>\u2022    ao transporte de bagagens,<br \/>\n\u2022    ao transporte de cargas,<br \/>\n\u2022    a pontualidade dos voos.<\/p>\n<p>&#8211; Auxiliar na chegada e na partida de aeronaves.<\/p>\n<p>Envie seu curr\u00edculo e junte-se a n\u00f3s nessa jornada de crescimento e sucesso!<\/p>\n<p>Estamos ansiosos para conhecer voc\u00ea!<\/p>\n<ul>\n<li>Local de trabalho: Rio de Janeiro, RJ<\/li>\n<li>Regime de contrata\u00e7\u00e3o de tipo: Efetivo \u2013 CLT<\/li>\n<li>Jornada: Per\u00edodo Integral<\/li>\n<li>\u00c1rea e especializa\u00e7\u00e3o profissional: Transportes &#8211; Comiss\u00e1rio de Bordo<\/li>\n<li>N\u00edvel hier\u00e1rquico: Operacional<\/li>\n<\/ul>\n<p>Escolaridade M\u00ednima: Ensino M\u00e9dio (2\u00ba Grau)<\/p>\n<ul>\n<li>vale alimenta\u00e7\u00e3o<\/li>\n<li>vale transporte<\/li>\n<\/ul>\n","protected":false},"excerpt":{"rendered":"<p>PARA PARTICIPAR DO PROCESSO SELETIVO, INSCREVA-SE NO LINK ABAIXO: https:\/\/docs.google.com\/forms\/d\/e\/1FAIpQLSe1tVFkPMO25L2ZXRPkBf4b73WctceUns4Sx_xIo90_F0-qgg\/viewform?usp=header A WFS Orbital est\u00e1 com vagas abertas! Temos excelentes oportunidades esperando por voc\u00ea! Estamos em busca de profissionais para atuar como Auxiliar de Rampa e Auxiliar de Esteira. Se voc\u00ea deseja fazer parte de uma equipe comprometida e que valoriza a seguran\u00e7a, venha fazer parte [&hellip;]<\/p>\n","protected":false},"author":1,"featured_media":0,"comment_status":"open","ping_status":"open","sticky":false,"template":"","format":"standard","meta":{"footnotes":""},"categories":[21],"tags":[],"class_list":["post-6268","post","type-post","status-publish","format-standard","hentry","category-rio-de-janeiro-rj"],"_links":{"self":[{"href":"https:\/\/vagas.portalemprego.com.br\/index.php?rest_route=\/wp\/v2\/posts\/6268","targetHints":{"allow":["GET"]}}],"collection":[{"href":"https:\/\/vagas.portalemprego.com.br\/index.php?rest_route=\/wp\/v2\/posts"}],"about":[{"href":"https:\/\/vagas.portalemprego.com.br\/index.php?rest_route=\/wp\/v2\/types\/post"}],"author":[{"embeddable":true,"href":"https:\/\/vagas.portalemprego.com.br\/index.php?rest_route=\/wp\/v2\/users\/1"}],"replies":[{"embeddable":true,"href":"https:\/\/vagas.portalemprego.com.br\/index.php?rest_route=%2Fwp%2Fv2%2Fcomments&post=6268"}],"version-history":[{"count":0,"href":"https:\/\/vagas.portalemprego.com.br\/index.php?rest_route=\/wp\/v2\/posts\/6268\/revisions"}],"wp:attachment":[{"href":"https:\/\/vagas.portalemprego.com.br\/index.php?rest_route=%2Fwp%2Fv2%2Fmedia&parent=6268"}],"wp:term":[{"taxonomy":"category","embeddable":true,"href":"https:\/\/vagas.portalemprego.com.br\/index.php?rest_route=%2Fwp%2Fv2%2Fcategories&post=6268"},{"taxonomy":"post_tag","embeddable":true,"href":"https:\/\/vagas.portalemprego.com.br\/index.php?rest_route=%2Fwp%2Fv2%2Ftags&post=6268"}],"curies":[{"name":"wp","href":"https:\/\/api.w.org\/{rel}","templated":true}]}}