{"id":6270,"date":"2026-04-29T06:04:04","date_gmt":"2026-04-29T09:04:04","guid":{"rendered":"https:\/\/vagas.portalemprego.com.br\/?p=6270"},"modified":"2026-04-29T06:04:04","modified_gmt":"2026-04-29T09:04:04","slug":"agente-comercial-leiturista-meio-ambiente-ecologia-rio-das-ostras","status":"publish","type":"post","link":"https:\/\/vagas.portalemprego.com.br\/?p=6270","title":{"rendered":"Agente Comercial &#8211; Leiturista &#8211; Meio Ambiente, Ecologia &#8211; Rio das Ostras"},"content":{"rendered":"<p>O Grupo Seres em parceria com uma empresa do segmento de saneamento est\u00e1 buscando profissionais para atuar na fun\u00e7\u00e3o de Agente Comercial &#8211; Leutirista.<\/p>\n<p>Atividades: Registrar as leituras de hidr\u00f4metros referentes ao consumo mensal de \u00e1gua pelos clientes, imprimir, conferir e entregar as respectivas contas, avisos e faturas aos usu\u00e1rios conforme os endere\u00e7os estabelecidos em rotas;<br \/>\nEmitir e entregar faturas, cartas informativas e outros documentos aos clientes;<br \/>\nApurar e registrar altera\u00e7\u00f5es cadastrais de clientes, irregularidades e vazamentos visando ao correto faturamento dos servi\u00e7os prestados pela Empresa;<br \/>\nExecu\u00e7\u00e3o do corte simples;<br \/>\nSinalizar e mapear poss\u00edveis novos clientes possibilitando novos cadastros;<br \/>\nRegistrar e reportar as eventuais ocorr\u00eancias de n\u00e3o conformidades ao monitor de leitura, garantindo a qualidade do servi\u00e7o.<\/p>\n<p>Requisitos: Ensino m\u00e9dio completo; Imprescind\u00edvel disponibilidade para atuar externamente e boa comunica\u00e7\u00e3o.<br \/>\nCNH B definitiva.<\/p>\n<p>Jornada de trabalho: Segunda a quinta-feira 08h \u00e0s 18h e sexta-feira 08h \u00e0s 17h.<\/p>\n<p>Local de trabalho: Rio das Ostras\/RJ<\/p>\n<ul>\n<li>Local de trabalho: Rio das Ostras, RJ<\/li>\n<li>Regime de contrata\u00e7\u00e3o de tipo: Tempor\u00e1rio<\/li>\n<li>Jornada: Per\u00edodo Integral<\/li>\n<li>\u00c1rea e especializa\u00e7\u00e3o profissional: Meio Ambiente, Ecologia &#8211; Saneamento Ambiental<\/li>\n<li>N\u00edvel hier\u00e1rquico: Operacional<\/li>\n<\/ul>\n<p>Escolaridade M\u00ednima: Ensino M\u00e9dio (2\u00ba Grau)<\/p>\n<ul>\n<li>Vale-transporte<\/li>\n<li>Vale-refei\u00e7\u00e3o<\/li>\n<\/ul>\n","protected":false},"excerpt":{"rendered":"<p>O Grupo Seres em parceria com uma empresa do segmento de saneamento est\u00e1 buscando profissionais para atuar na fun\u00e7\u00e3o de Agente Comercial &#8211; Leutirista. Atividades: Registrar as leituras de hidr\u00f4metros referentes ao consumo mensal de \u00e1gua pelos clientes, imprimir, conferir e entregar as respectivas contas, avisos e faturas aos usu\u00e1rios conforme os endere\u00e7os estabelecidos em [&hellip;]<\/p>\n","protected":false},"author":1,"featured_media":0,"comment_status":"open","ping_status":"open","sticky":false,"template":"","format":"standard","meta":{"footnotes":""},"categories":[21],"tags":[],"class_list":["post-6270","post","type-post","status-publish","format-standard","hentry","category-rio-de-janeiro-rj"],"_links":{"self":[{"href":"https:\/\/vagas.portalemprego.com.br\/index.php?rest_route=\/wp\/v2\/posts\/6270","targetHints":{"allow":["GET"]}}],"collection":[{"href":"https:\/\/vagas.portalemprego.com.br\/index.php?rest_route=\/wp\/v2\/posts"}],"about":[{"href":"https:\/\/vagas.portalemprego.com.br\/index.php?rest_route=\/wp\/v2\/types\/post"}],"author":[{"embeddable":true,"href":"https:\/\/vagas.portalemprego.com.br\/index.php?rest_route=\/wp\/v2\/users\/1"}],"replies":[{"embeddable":true,"href":"https:\/\/vagas.portalemprego.com.br\/index.php?rest_route=%2Fwp%2Fv2%2Fcomments&post=6270"}],"version-history":[{"count":0,"href":"https:\/\/vagas.portalemprego.com.br\/index.php?rest_route=\/wp\/v2\/posts\/6270\/revisions"}],"wp:attachment":[{"href":"https:\/\/vagas.portalemprego.com.br\/index.php?rest_route=%2Fwp%2Fv2%2Fmedia&parent=6270"}],"wp:term":[{"taxonomy":"category","embeddable":true,"href":"https:\/\/vagas.portalemprego.com.br\/index.php?rest_route=%2Fwp%2Fv2%2Fcategories&post=6270"},{"taxonomy":"post_tag","embeddable":true,"href":"https:\/\/vagas.portalemprego.com.br\/index.php?rest_route=%2Fwp%2Fv2%2Ftags&post=6270"}],"curies":[{"name":"wp","href":"https:\/\/api.w.org\/{rel}","templated":true}]}}