{"id":6272,"date":"2026-04-29T06:04:04","date_gmt":"2026-04-29T09:04:04","guid":{"rendered":"https:\/\/vagas.portalemprego.com.br\/?p=6272"},"modified":"2026-04-29T06:04:04","modified_gmt":"2026-04-29T09:04:04","slug":"gerente-de-loja-comercial-vendas-niteroi-5","status":"publish","type":"post","link":"https:\/\/vagas.portalemprego.com.br\/?p=6272","title":{"rendered":"Gerente de Loja &#8211; Comercial, Vendas &#8211; Niter\u00f3i"},"content":{"rendered":"<p>Renomada loja do varejo de cal\u00e7ados e bolsas contrata Gerente de Loja para fazer parte de sua equipe na unidade do Shopping Plaza Niter\u00f3i.<\/p>\n<p>O colaborador ser\u00e1 respons\u00e1vel pelo planejamento e gerenciamento e desenvolvimento de sua equipe. Verificar se tudo est\u00e1 em ordem, com rela\u00e7\u00e3o \u00e0 limpeza, arruma\u00e7\u00e3o de mercadorias em balc\u00e3o e prateleiras, e em geral tem que verificar o aspecto interno e externo da loja.<\/p>\n<p>\u00c9 necess\u00e1rio:<br \/>\n Ter experi\u00eancia com ger\u00eancia de loja do varejo<br \/>\n Residir em Niter\u00f3i e\/ou proximidades<br \/>\n Ter total disponibilidade de hor\u00e1rio<\/p>\n<p> Ter experi\u00eancia no Varejo de Cal\u00e7ados \u00e9 um diferencial<\/p>\n<p>m\u00e9dia R$ 4.500,00<\/p>\n<ul>\n<li>Local de trabalho: Niter\u00f3i, RJ<\/li>\n<li>Regime de contrata\u00e7\u00e3o de tipo: Efetivo \u2013 CLT<\/li>\n<li>Jornada: Per\u00edodo Integral<\/li>\n<li>\u00c1rea e especializa\u00e7\u00e3o profissional: Comercial, Vendas &#8211; Lojas \/ Shopping<\/li>\n<li>N\u00edvel hier\u00e1rquico: Gerente<\/li>\n<\/ul>\n<p>Escolaridade M\u00ednima: Ensino M\u00e9dio (2\u00ba Grau)<\/p>\n","protected":false},"excerpt":{"rendered":"<p>Renomada loja do varejo de cal\u00e7ados e bolsas contrata Gerente de Loja para fazer parte de sua equipe na unidade do Shopping Plaza Niter\u00f3i. O colaborador ser\u00e1 respons\u00e1vel pelo planejamento e gerenciamento e desenvolvimento de sua equipe. Verificar se tudo est\u00e1 em ordem, com rela\u00e7\u00e3o \u00e0 limpeza, arruma\u00e7\u00e3o de mercadorias em balc\u00e3o e prateleiras, e [&hellip;]<\/p>\n","protected":false},"author":1,"featured_media":0,"comment_status":"open","ping_status":"open","sticky":false,"template":"","format":"standard","meta":{"footnotes":""},"categories":[21],"tags":[],"class_list":["post-6272","post","type-post","status-publish","format-standard","hentry","category-rio-de-janeiro-rj"],"_links":{"self":[{"href":"https:\/\/vagas.portalemprego.com.br\/index.php?rest_route=\/wp\/v2\/posts\/6272","targetHints":{"allow":["GET"]}}],"collection":[{"href":"https:\/\/vagas.portalemprego.com.br\/index.php?rest_route=\/wp\/v2\/posts"}],"about":[{"href":"https:\/\/vagas.portalemprego.com.br\/index.php?rest_route=\/wp\/v2\/types\/post"}],"author":[{"embeddable":true,"href":"https:\/\/vagas.portalemprego.com.br\/index.php?rest_route=\/wp\/v2\/users\/1"}],"replies":[{"embeddable":true,"href":"https:\/\/vagas.portalemprego.com.br\/index.php?rest_route=%2Fwp%2Fv2%2Fcomments&post=6272"}],"version-history":[{"count":0,"href":"https:\/\/vagas.portalemprego.com.br\/index.php?rest_route=\/wp\/v2\/posts\/6272\/revisions"}],"wp:attachment":[{"href":"https:\/\/vagas.portalemprego.com.br\/index.php?rest_route=%2Fwp%2Fv2%2Fmedia&parent=6272"}],"wp:term":[{"taxonomy":"category","embeddable":true,"href":"https:\/\/vagas.portalemprego.com.br\/index.php?rest_route=%2Fwp%2Fv2%2Fcategories&post=6272"},{"taxonomy":"post_tag","embeddable":true,"href":"https:\/\/vagas.portalemprego.com.br\/index.php?rest_route=%2Fwp%2Fv2%2Ftags&post=6272"}],"curies":[{"name":"wp","href":"https:\/\/api.w.org\/{rel}","templated":true}]}}