{"id":6277,"date":"2026-04-29T06:05:05","date_gmt":"2026-04-29T09:05:05","guid":{"rendered":"https:\/\/vagas.portalemprego.com.br\/?p=6277"},"modified":"2026-04-29T06:05:05","modified_gmt":"2026-04-29T09:05:05","slug":"corretor-de-imoveis-autonomo-comercial-vendas-sao-goncalo","status":"publish","type":"post","link":"https:\/\/vagas.portalemprego.com.br\/?p=6277","title":{"rendered":"Corretor de Im\u00f3veis &#8211; Aut\u00f4nomo &#8211; Comercial, Vendas &#8211; S\u00e3o Gon\u00e7alo"},"content":{"rendered":"<p>O Consultor de Vendas da MRV realiza as seguintes atividades:<\/p>\n<p>Realiza a venda de im\u00f3veis;<br \/>\nProspecta novos clientes;<br \/>\nRealiza negocia\u00e7\u00f5es e encantamento do cliente;<br \/>\nRealiza o fechamento de vendas e atividades afins.<\/p>\n<p>Requisitos:<\/p>\n<p>Disponibilidade de hor\u00e1rio;<br \/>\nEnsino M\u00e9dio Completo;<br \/>\nExperi\u00eancia anterior com vendas;<br \/>\nBoa comunica\u00e7\u00e3o, negocia\u00e7\u00e3o, dinamismo e facilidade de trabalhar com ferramentas digitais.<\/p>\n<ul>\n<li>Local de trabalho: S\u00e3o Gon\u00e7alo, RJ<\/li>\n<li>Regime de contrata\u00e7\u00e3o de tipo: Aut\u00f4nomo<\/li>\n<li>Jornada: Per\u00edodo Integral<\/li>\n<li>\u00c1rea e especializa\u00e7\u00e3o profissional: Comercial, Vendas &#8211; Corretagem<\/li>\n<li>N\u00edvel hier\u00e1rquico: Consultor<\/li>\n<\/ul>\n<p>Escolaridade M\u00ednima: Ensino M\u00e9dio (2\u00ba Grau)<\/p>\n","protected":false},"excerpt":{"rendered":"<p>O Consultor de Vendas da MRV realiza as seguintes atividades: Realiza a venda de im\u00f3veis; Prospecta novos clientes; Realiza negocia\u00e7\u00f5es e encantamento do cliente; Realiza o fechamento de vendas e atividades afins. Requisitos: Disponibilidade de hor\u00e1rio; Ensino M\u00e9dio Completo; Experi\u00eancia anterior com vendas; Boa comunica\u00e7\u00e3o, negocia\u00e7\u00e3o, dinamismo e facilidade de trabalhar com ferramentas digitais. Local [&hellip;]<\/p>\n","protected":false},"author":1,"featured_media":0,"comment_status":"open","ping_status":"open","sticky":false,"template":"","format":"standard","meta":{"footnotes":""},"categories":[21],"tags":[],"class_list":["post-6277","post","type-post","status-publish","format-standard","hentry","category-rio-de-janeiro-rj"],"_links":{"self":[{"href":"https:\/\/vagas.portalemprego.com.br\/index.php?rest_route=\/wp\/v2\/posts\/6277","targetHints":{"allow":["GET"]}}],"collection":[{"href":"https:\/\/vagas.portalemprego.com.br\/index.php?rest_route=\/wp\/v2\/posts"}],"about":[{"href":"https:\/\/vagas.portalemprego.com.br\/index.php?rest_route=\/wp\/v2\/types\/post"}],"author":[{"embeddable":true,"href":"https:\/\/vagas.portalemprego.com.br\/index.php?rest_route=\/wp\/v2\/users\/1"}],"replies":[{"embeddable":true,"href":"https:\/\/vagas.portalemprego.com.br\/index.php?rest_route=%2Fwp%2Fv2%2Fcomments&post=6277"}],"version-history":[{"count":0,"href":"https:\/\/vagas.portalemprego.com.br\/index.php?rest_route=\/wp\/v2\/posts\/6277\/revisions"}],"wp:attachment":[{"href":"https:\/\/vagas.portalemprego.com.br\/index.php?rest_route=%2Fwp%2Fv2%2Fmedia&parent=6277"}],"wp:term":[{"taxonomy":"category","embeddable":true,"href":"https:\/\/vagas.portalemprego.com.br\/index.php?rest_route=%2Fwp%2Fv2%2Fcategories&post=6277"},{"taxonomy":"post_tag","embeddable":true,"href":"https:\/\/vagas.portalemprego.com.br\/index.php?rest_route=%2Fwp%2Fv2%2Ftags&post=6277"}],"curies":[{"name":"wp","href":"https:\/\/api.w.org\/{rel}","templated":true}]}}