{"id":6278,"date":"2026-04-29T06:05:05","date_gmt":"2026-04-29T09:05:05","guid":{"rendered":"https:\/\/vagas.portalemprego.com.br\/?p=6278"},"modified":"2026-04-29T06:05:05","modified_gmt":"2026-04-29T09:05:05","slug":"tecnico-de-enfermagem-unidade-de-internacao-barra-da-tijuca-rj-saude-rio-de-janeiro","status":"publish","type":"post","link":"https:\/\/vagas.portalemprego.com.br\/?p=6278","title":{"rendered":"T\u00e9cnico de Enfermagem Unidade de Interna\u00e7\u00e3o &#8211; Barra da Tijuca &#8211; RJ &#8211; Sa\u00fade &#8211; Rio de Janeiro"},"content":{"rendered":"<p>Empresa no seguimento de sa\u00fade contrata em um de seus Hospitais na regi\u00e3o da Barra da Tijuca. <\/p>\n<p>O profissional ir\u00e1 aplicar t\u00e9cnicas de assist\u00eancia de enfermagem aos pacientes em atendimento na institui\u00e7\u00e3o, utilizando t\u00e9cnicas apropriadas para cada procedimento e trabalhando conforme as boas pr\u00e1ticas, normas e procedimentos de biosseguran\u00e7a e conforme prerrogativas estabelecidas pelo Conselho de Classe, contribuindo com o tratamento e recupera\u00e7\u00e3o do paciente.<\/p>\n<p>Contrato Tempor\u00e1rio de 90 dias.<\/p>\n<p>T\u00e9cnico de Enfermagem Unidade de Interna\u00e7\u00e3o<\/p>\n<p>Sal\u00e1rio R$ 2.020,00 + 20% de insalubridade + VT e Refei\u00e7\u00e3o no local.<\/p>\n<p>Perfil esperado \/ requisitos<br \/>\nCurso T\u00e9cnico de Enfermagem com COREN Ativo;<br \/>\nDisponibilidade para trabalhar 12&#215;36 &#8211; 07h00 \u00e0s 19h00.<br \/>\nExperi\u00eancia como T\u00e9cnico de Enfermagem no setor de Unidade de Interna\u00e7\u00e3o.<br \/>\nF\u00e1cil acesso a regi\u00e3o da Barra da Tijuca.<\/p>\n<ul>\n<li>Local de trabalho: Rio de Janeiro, RJ<\/li>\n<li>Regime de contrata\u00e7\u00e3o de tipo: Tempor\u00e1rio<\/li>\n<li>Jornada: Per\u00edodo Integral<\/li>\n<li>\u00c1rea e especializa\u00e7\u00e3o profissional: Sa\u00fade &#8211; Enfermagem<\/li>\n<li>N\u00edvel hier\u00e1rquico: Operacional<\/li>\n<\/ul>\n<p>VALORIZADO<\/p>\n<p>Tempo de experi\u00eancia: Entre 1 e 3 anos<\/p>\n<p>HABILIDADES<\/p>\n<ul>\n<li>Unidade de Interna\u00e7\u00e3o<\/li>\n<li>Enfermagem<\/li>\n<\/ul>\n<p>Escolaridade M\u00ednima: Curso T\u00e9cnico<\/p>\n<ul>\n<li>Refei\u00e7\u00e3o no Local<\/li>\n<li>Insalubridade<\/li>\n<\/ul>\n<p>Sal\u00e1rio: 2012,0<\/p>\n","protected":false},"excerpt":{"rendered":"<p>Empresa no seguimento de sa\u00fade contrata em um de seus Hospitais na regi\u00e3o da Barra da Tijuca. O profissional ir\u00e1 aplicar t\u00e9cnicas de assist\u00eancia de enfermagem aos pacientes em atendimento na institui\u00e7\u00e3o, utilizando t\u00e9cnicas apropriadas para cada procedimento e trabalhando conforme as boas pr\u00e1ticas, normas e procedimentos de biosseguran\u00e7a e conforme prerrogativas estabelecidas pelo Conselho [&hellip;]<\/p>\n","protected":false},"author":1,"featured_media":0,"comment_status":"open","ping_status":"open","sticky":false,"template":"","format":"standard","meta":{"footnotes":""},"categories":[21],"tags":[],"class_list":["post-6278","post","type-post","status-publish","format-standard","hentry","category-rio-de-janeiro-rj"],"_links":{"self":[{"href":"https:\/\/vagas.portalemprego.com.br\/index.php?rest_route=\/wp\/v2\/posts\/6278","targetHints":{"allow":["GET"]}}],"collection":[{"href":"https:\/\/vagas.portalemprego.com.br\/index.php?rest_route=\/wp\/v2\/posts"}],"about":[{"href":"https:\/\/vagas.portalemprego.com.br\/index.php?rest_route=\/wp\/v2\/types\/post"}],"author":[{"embeddable":true,"href":"https:\/\/vagas.portalemprego.com.br\/index.php?rest_route=\/wp\/v2\/users\/1"}],"replies":[{"embeddable":true,"href":"https:\/\/vagas.portalemprego.com.br\/index.php?rest_route=%2Fwp%2Fv2%2Fcomments&post=6278"}],"version-history":[{"count":0,"href":"https:\/\/vagas.portalemprego.com.br\/index.php?rest_route=\/wp\/v2\/posts\/6278\/revisions"}],"wp:attachment":[{"href":"https:\/\/vagas.portalemprego.com.br\/index.php?rest_route=%2Fwp%2Fv2%2Fmedia&parent=6278"}],"wp:term":[{"taxonomy":"category","embeddable":true,"href":"https:\/\/vagas.portalemprego.com.br\/index.php?rest_route=%2Fwp%2Fv2%2Fcategories&post=6278"},{"taxonomy":"post_tag","embeddable":true,"href":"https:\/\/vagas.portalemprego.com.br\/index.php?rest_route=%2Fwp%2Fv2%2Ftags&post=6278"}],"curies":[{"name":"wp","href":"https:\/\/api.w.org\/{rel}","templated":true}]}}