{"id":6279,"date":"2026-04-29T06:05:05","date_gmt":"2026-04-29T09:05:05","guid":{"rendered":"https:\/\/vagas.portalemprego.com.br\/?p=6279"},"modified":"2026-04-29T06:05:05","modified_gmt":"2026-04-29T09:05:05","slug":"supervisor-de-operacao-logistica-rio-de-janeiro-2","status":"publish","type":"post","link":"https:\/\/vagas.portalemprego.com.br\/?p=6279","title":{"rendered":"Supervisor de Opera\u00e7\u00e3o &#8211; Log\u00edstica &#8211; Rio de Janeiro"},"content":{"rendered":"<p>Descri\u00e7\u00e3o da fun\u00e7\u00e3o:<\/p>\n<p>Supervis\u00e3o da cadeia log\u00edstica atrelada a opera\u00e7\u00e3o,  garantindo a execu\u00e7\u00e3o de todos os processos atrelados ao recebimento, armazenagem e expedi\u00e7\u00e3o de mercadorias de forma eficaz.<\/p>\n<p>Principais Frentes de Atua\u00e7\u00e3o:<\/p>\n<p>Gest\u00e3o de Pessoas<br \/>\nSeguran\u00e7a<br \/>\nQualidade<br \/>\nProdutividade<br \/>\nImplementa\u00e7\u00e3o de processos<\/p>\n<p>Responsabilidades:<\/p>\n<p>1.\tSupervis\u00e3o do time operacional: Gerenciar e liderar a equipe operacional, acompanhando o desempenho e produtividade de forma di\u00e1ria, avaliando os resultados, identificando  gaps e fornecendo feedbacks e treinamentos, garantindo um ambiente de trabalho positivo.<\/p>\n<p>2.\tAcompanhamento dos processos operacionais: Garantir a entrega de todas as atividades referentes ao recebimento, armazenagem e expedi\u00e7\u00e3o, com qualidade e efici\u00eancia, buscando o alcance das metas tra\u00e7adas e alinhando as expectativas e prazos com a lideran\u00e7a.<\/p>\n<p>3.\tGest\u00e3o da Rotina: Garantir o acompanhamento dos resultados de forma di\u00e1ria atrav\u00e9s de reuni\u00f5es de rotina com a opera\u00e7\u00e3o. <\/p>\n<p>4.\tMonitoramento de resultados: Preparar relat\u00f3rios regulares sobre o desempenho operacional, baseados no percentual alcan\u00e7ado das metas tra\u00e7adas, apresentando poss\u00edveis dificuldades encontradas na rotina e a\u00e7\u00f5es corretivas tomadas.<\/p>\n<p>5.\t Planejamento estrat\u00e9gico: Gerar visibilidade dos resultados para a coordena\u00e7\u00e3o\/ger\u00eancia, atuando em conjunto com estes em busca de a\u00e7\u00f5es que tragam melhorias para os processos operacionais.<\/p>\n<p>6.\tSeguran\u00e7a: Garantir que as atividades executadas pelo time sejam feitas seguindo as normas de seguran\u00e7a da empresa, e assegurar uma condi\u00e7\u00e3o de trabalho segura para os colaboradores. <\/p>\n<p>7.\tQualidade: Monitorar a qualidade dos produtos e garantir que o time pratique o 5S durante e posteriormente as atividades de rotina.<\/p>\n<p>8.\tGest\u00e3o de Recursos: Gerenciar eficientemente os recursos dispon\u00edveis, como m\u00e3o de obra, materiais e equipamentos, para otimizar a produtividade e minimizar os custos operacionais.<\/p>\n<p>9.\tMapeamento de Processos e Resolu\u00e7\u00e3o de Problemas: Auxiliar no mapeamento de melhorias operacionais e atuar proativamente na busca por poss\u00edveis solu\u00e7\u00f5es e implementa\u00e7\u00e3o de novos processos para o projeto. <\/p>\n<p>Caracter\u00edsticas Desej\u00e1veis<\/p>\n<p>Experi\u00eancia pr\u00e9via em fun\u00e7\u00f5es de supervis\u00e3o ou gest\u00e3o de equipe;<br \/>\nExcel Intermedi\u00e1rio a Avan\u00e7ado;<br \/>\nConhecimento s\u00f3lido de processos operacionais;<br \/>\nProatividade para implementa\u00e7\u00e3o de novos processos;<br \/>\nDesejo por inovar e implementar boas e novas pr\u00e1ticas;<br \/>\nHabilidades de comunica\u00e7\u00e3o e lideran\u00e7a eficazes;<br \/>\nCapacidade de tomar decis\u00f5es r\u00e1pidas e assertivas em situa\u00e7\u00f5es de press\u00e3o;<br \/>\nFoco em resultados e orienta\u00e7\u00e3o para a resolu\u00e7\u00e3o de problemas;<\/p>\n<ul>\n<li>N\u00famero de vagas: 2<\/li>\n<li>Local de trabalho: Rio de Janeiro, RJ<\/li>\n<li>Regime de contrata\u00e7\u00e3o de tipo: Efetivo \u2013 CLT<\/li>\n<li>Jornada: Per\u00edodo Integral<\/li>\n<li>\u00c1rea e especializa\u00e7\u00e3o profissional: Log\u00edstica &#8211; Estoque, Armazenagem, Dep\u00f3sito<\/li>\n<li>N\u00edvel hier\u00e1rquico: Supervisor<\/li>\n<\/ul>\n<p>VALORIZADO<\/p>\n<p>Tempo de experi\u00eancia: Entre 1 e 3 anos<\/p>\n<p>HABILIDADES<\/p>\n<ul>\n<li>Estrat\u00e9gico<\/li>\n<li>Inovador<\/li>\n<li>Resiliente<\/li>\n<li>Foco em metas e resultados<\/li>\n<li>Vis\u00e3o de neg\u00f3cios<\/li>\n<\/ul>\n<p>Escolaridade M\u00ednima: Ensino Superior<\/p>\n<p>Forma\u00e7\u00e3o desejada:<\/p>\n<ul>\n<li>Administra\u00e7\u00e3o de empresas, Ensino Superior<\/li>\n<li>Log\u00edstica, Ensino Superior<\/li>\n<\/ul>\n<p>Habilita\u00e7\u00e3o para dirigir: B<\/p>\n<ul>\n<li>Cesta b\u00e1sica<\/li>\n<li>Alimenta\u00e7\u00e3o no Local<\/li>\n<li>vale transporte<\/li>\n<li>plano de sa\u00fade<\/li>\n<\/ul>\n","protected":false},"excerpt":{"rendered":"<p>Descri\u00e7\u00e3o da fun\u00e7\u00e3o: Supervis\u00e3o da cadeia log\u00edstica atrelada a opera\u00e7\u00e3o, garantindo a execu\u00e7\u00e3o de todos os processos atrelados ao recebimento, armazenagem e expedi\u00e7\u00e3o de mercadorias de forma eficaz. Principais Frentes de Atua\u00e7\u00e3o: Gest\u00e3o de Pessoas Seguran\u00e7a Qualidade Produtividade Implementa\u00e7\u00e3o de processos Responsabilidades: 1. Supervis\u00e3o do time operacional: Gerenciar e liderar a equipe operacional, acompanhando o [&hellip;]<\/p>\n","protected":false},"author":1,"featured_media":0,"comment_status":"open","ping_status":"open","sticky":false,"template":"","format":"standard","meta":{"footnotes":""},"categories":[21],"tags":[],"class_list":["post-6279","post","type-post","status-publish","format-standard","hentry","category-rio-de-janeiro-rj"],"_links":{"self":[{"href":"https:\/\/vagas.portalemprego.com.br\/index.php?rest_route=\/wp\/v2\/posts\/6279","targetHints":{"allow":["GET"]}}],"collection":[{"href":"https:\/\/vagas.portalemprego.com.br\/index.php?rest_route=\/wp\/v2\/posts"}],"about":[{"href":"https:\/\/vagas.portalemprego.com.br\/index.php?rest_route=\/wp\/v2\/types\/post"}],"author":[{"embeddable":true,"href":"https:\/\/vagas.portalemprego.com.br\/index.php?rest_route=\/wp\/v2\/users\/1"}],"replies":[{"embeddable":true,"href":"https:\/\/vagas.portalemprego.com.br\/index.php?rest_route=%2Fwp%2Fv2%2Fcomments&post=6279"}],"version-history":[{"count":0,"href":"https:\/\/vagas.portalemprego.com.br\/index.php?rest_route=\/wp\/v2\/posts\/6279\/revisions"}],"wp:attachment":[{"href":"https:\/\/vagas.portalemprego.com.br\/index.php?rest_route=%2Fwp%2Fv2%2Fmedia&parent=6279"}],"wp:term":[{"taxonomy":"category","embeddable":true,"href":"https:\/\/vagas.portalemprego.com.br\/index.php?rest_route=%2Fwp%2Fv2%2Fcategories&post=6279"},{"taxonomy":"post_tag","embeddable":true,"href":"https:\/\/vagas.portalemprego.com.br\/index.php?rest_route=%2Fwp%2Fv2%2Ftags&post=6279"}],"curies":[{"name":"wp","href":"https:\/\/api.w.org\/{rel}","templated":true}]}}