{"id":6282,"date":"2026-04-29T06:05:05","date_gmt":"2026-04-29T09:05:05","guid":{"rendered":"https:\/\/vagas.portalemprego.com.br\/?p=6282"},"modified":"2026-04-29T06:05:05","modified_gmt":"2026-04-29T09:05:05","slug":"vendedor-1276-comercial-vendas-rio-de-janeiro","status":"publish","type":"post","link":"https:\/\/vagas.portalemprego.com.br\/?p=6282","title":{"rendered":"Vendedor #1276 &#8211; Comercial, Vendas &#8211; Rio de Janeiro"},"content":{"rendered":"<p>Realizar contato ativo e receptivo com clientes potenciais a partir de leads qualificados.<\/p>\n<p>Apresentar produtos\/servi\u00e7os de forma clara e persuasiva, alinhada \u00e0s necessidades do cliente.<\/p>\n<p>Manter relacionamento e follow-up para convers\u00e3o de oportunidades em vendas.<\/p>\n<p>Registrar e atualizar informa\u00e7\u00f5es no sistema interno e planilhas no Excel.<\/p>\n<p>Organizar agenda de contatos e acompanhar o andamento das negocia\u00e7\u00f5es.<\/p>\n<p>Auxiliar na elabora\u00e7\u00e3o de relat\u00f3rios de desempenho e indicadores de prospec\u00e7\u00e3o.<\/p>\n<p>Observa\u00e7\u00f5es:<br \/>\nEscala de Segunda \u00e1 Sexta -feira das 08:00 \u00e1s 18:48hs<br \/>\nRemunera\u00e7\u00e3o R$ 2.076,87 Fixo + Comiss\u00f4es<br \/>\nVale refei\u00e7\u00e3o R$ 30,00 ao dia<\/p>\n<ul>\n<li>N\u00famero de vagas: 3<\/li>\n<li>Local de trabalho: Rio de Janeiro, RJ<\/li>\n<li>Regime de contrata\u00e7\u00e3o de tipo: Efetivo \u2013 CLT<\/li>\n<li>Jornada: Per\u00edodo Integral<\/li>\n<li>\u00c1rea e especializa\u00e7\u00e3o profissional: Comercial, Vendas &#8211; Representa\u00e7\u00e3o Comercial<\/li>\n<li>N\u00edvel hier\u00e1rquico: Operacional<\/li>\n<\/ul>\n<p>VALORIZADO<\/p>\n<p>Tempo de experi\u00eancia: Entre 1 e 3 anos<\/p>\n<p>HABILIDADES<\/p>\n<ul>\n<li>Gostar de Vender<\/li>\n<li>Gostar de desafios<\/li>\n<\/ul>\n<p>Escolaridade M\u00ednima: Ensino M\u00e9dio (2\u00ba Grau)<\/p>\n<ul>\n<li>Vale Refei\u00e7\u00e3o<\/li>\n<li>Seguro de Vida<\/li>\n<li>Vale Transporte<\/li>\n<\/ul>\n<p>Sal\u00e1rio: 2100,0<\/p>\n","protected":false},"excerpt":{"rendered":"<p>Realizar contato ativo e receptivo com clientes potenciais a partir de leads qualificados. Apresentar produtos\/servi\u00e7os de forma clara e persuasiva, alinhada \u00e0s necessidades do cliente. Manter relacionamento e follow-up para convers\u00e3o de oportunidades em vendas. Registrar e atualizar informa\u00e7\u00f5es no sistema interno e planilhas no Excel. Organizar agenda de contatos e acompanhar o andamento das [&hellip;]<\/p>\n","protected":false},"author":1,"featured_media":0,"comment_status":"open","ping_status":"open","sticky":false,"template":"","format":"standard","meta":{"footnotes":""},"categories":[21],"tags":[],"class_list":["post-6282","post","type-post","status-publish","format-standard","hentry","category-rio-de-janeiro-rj"],"_links":{"self":[{"href":"https:\/\/vagas.portalemprego.com.br\/index.php?rest_route=\/wp\/v2\/posts\/6282","targetHints":{"allow":["GET"]}}],"collection":[{"href":"https:\/\/vagas.portalemprego.com.br\/index.php?rest_route=\/wp\/v2\/posts"}],"about":[{"href":"https:\/\/vagas.portalemprego.com.br\/index.php?rest_route=\/wp\/v2\/types\/post"}],"author":[{"embeddable":true,"href":"https:\/\/vagas.portalemprego.com.br\/index.php?rest_route=\/wp\/v2\/users\/1"}],"replies":[{"embeddable":true,"href":"https:\/\/vagas.portalemprego.com.br\/index.php?rest_route=%2Fwp%2Fv2%2Fcomments&post=6282"}],"version-history":[{"count":0,"href":"https:\/\/vagas.portalemprego.com.br\/index.php?rest_route=\/wp\/v2\/posts\/6282\/revisions"}],"wp:attachment":[{"href":"https:\/\/vagas.portalemprego.com.br\/index.php?rest_route=%2Fwp%2Fv2%2Fmedia&parent=6282"}],"wp:term":[{"taxonomy":"category","embeddable":true,"href":"https:\/\/vagas.portalemprego.com.br\/index.php?rest_route=%2Fwp%2Fv2%2Fcategories&post=6282"},{"taxonomy":"post_tag","embeddable":true,"href":"https:\/\/vagas.portalemprego.com.br\/index.php?rest_route=%2Fwp%2Fv2%2Ftags&post=6282"}],"curies":[{"name":"wp","href":"https:\/\/api.w.org\/{rel}","templated":true}]}}