{"id":6283,"date":"2026-04-29T06:05:05","date_gmt":"2026-04-29T09:05:05","guid":{"rendered":"https:\/\/vagas.portalemprego.com.br\/?p=6283"},"modified":"2026-04-29T06:05:05","modified_gmt":"2026-04-29T09:05:05","slug":"advogado-trabalhista-juridica-nova-friburgo","status":"publish","type":"post","link":"https:\/\/vagas.portalemprego.com.br\/?p=6283","title":{"rendered":"Advogado Trabalhista &#8211; Jur\u00eddica &#8211; Nova Friburgo"},"content":{"rendered":"<p>Escrit\u00f3rio de advocacia, especializado na defesa dos interesses de trabalhadores em a\u00e7\u00f5es trabalhistas, localizado est\u00e1 com vaga aberta para trabalho presencial, com foco em produ\u00e7\u00e3o t\u00e9cnica \u2014 prazos de pe\u00e7as trabalhistas de m\u00e9dia e alta complexidade, al\u00e9m da realiza\u00e7\u00e3o de audi\u00eancias iniciais e de concilia\u00e7\u00e3o por videoconfer\u00eancia. Presencial, Associado, R$3.000,00.<\/p>\n<p>N\u00edvel de conhecimento:<br \/>\n&#8211; Precisa ter pr\u00e1tica na \u00e1rea, principalmente com a elabora\u00e7\u00e3o das pe\u00e7as trabalhistas, recursos, impugna\u00e7\u00f5es, conhecer de prazos e fases do processo.<\/p>\n<p>Principais Atividades:<br \/>\n&#8211; Elabora\u00e7\u00e3o de pe\u00e7as processuais trabalhistas (iniciais, contesta\u00e7\u00f5es, recursos, impugna\u00e7\u00f5es etc.).<br \/>\n&#8211; Revis\u00e3o e ajustes de pe\u00e7as produzidas pelo escrit\u00f3rio.<br \/>\n&#8211; Contribui\u00e7\u00e3o ativa na constru\u00e7\u00e3o de estrat\u00e9gias jur\u00eddicas para os casos.<\/p>\n<p>Se voc\u00ea tem um hist\u00f3rico comprovado de sucesso em fun\u00e7\u00f5es jur\u00eddicas e est\u00e1 pronto para avan\u00e7ar em sua carreira, esta oportunidade \u00e9 para voc\u00ea.<br \/>\nJunte-se e fa\u00e7a parte de um time que valoriza o crescimento profissional e a excel\u00eancia em cada projeto.<\/p>\n<ul>\n<li>Local de trabalho: Nova Friburgo, RJ<\/li>\n<li>Regime de contrata\u00e7\u00e3o de tipo: Aut\u00f4nomo<\/li>\n<li>Jornada: Per\u00edodo Integral<\/li>\n<li>\u00c1rea e especializa\u00e7\u00e3o profissional: Jur\u00eddica &#8211; Trabalhista<\/li>\n<li>N\u00edvel hier\u00e1rquico: Especialista<\/li>\n<\/ul>\n<p>VALORIZADO<\/p>\n<p>Tempo de experi\u00eancia: Entre 1 e 3 anos<\/p>\n<p>Escolaridade M\u00ednima: Ensino Superior<\/p>\n<p>Forma\u00e7\u00e3o desejada:<\/p>\n<ul>\n<li>Direito, Ensino Superior<\/li>\n<\/ul>\n<p>Sal\u00e1rio: 3000,0<\/p>\n","protected":false},"excerpt":{"rendered":"<p>Escrit\u00f3rio de advocacia, especializado na defesa dos interesses de trabalhadores em a\u00e7\u00f5es trabalhistas, localizado est\u00e1 com vaga aberta para trabalho presencial, com foco em produ\u00e7\u00e3o t\u00e9cnica \u2014 prazos de pe\u00e7as trabalhistas de m\u00e9dia e alta complexidade, al\u00e9m da realiza\u00e7\u00e3o de audi\u00eancias iniciais e de concilia\u00e7\u00e3o por videoconfer\u00eancia. Presencial, Associado, R$3.000,00. N\u00edvel de conhecimento: &#8211; Precisa [&hellip;]<\/p>\n","protected":false},"author":1,"featured_media":0,"comment_status":"open","ping_status":"open","sticky":false,"template":"","format":"standard","meta":{"footnotes":""},"categories":[21],"tags":[],"class_list":["post-6283","post","type-post","status-publish","format-standard","hentry","category-rio-de-janeiro-rj"],"_links":{"self":[{"href":"https:\/\/vagas.portalemprego.com.br\/index.php?rest_route=\/wp\/v2\/posts\/6283","targetHints":{"allow":["GET"]}}],"collection":[{"href":"https:\/\/vagas.portalemprego.com.br\/index.php?rest_route=\/wp\/v2\/posts"}],"about":[{"href":"https:\/\/vagas.portalemprego.com.br\/index.php?rest_route=\/wp\/v2\/types\/post"}],"author":[{"embeddable":true,"href":"https:\/\/vagas.portalemprego.com.br\/index.php?rest_route=\/wp\/v2\/users\/1"}],"replies":[{"embeddable":true,"href":"https:\/\/vagas.portalemprego.com.br\/index.php?rest_route=%2Fwp%2Fv2%2Fcomments&post=6283"}],"version-history":[{"count":0,"href":"https:\/\/vagas.portalemprego.com.br\/index.php?rest_route=\/wp\/v2\/posts\/6283\/revisions"}],"wp:attachment":[{"href":"https:\/\/vagas.portalemprego.com.br\/index.php?rest_route=%2Fwp%2Fv2%2Fmedia&parent=6283"}],"wp:term":[{"taxonomy":"category","embeddable":true,"href":"https:\/\/vagas.portalemprego.com.br\/index.php?rest_route=%2Fwp%2Fv2%2Fcategories&post=6283"},{"taxonomy":"post_tag","embeddable":true,"href":"https:\/\/vagas.portalemprego.com.br\/index.php?rest_route=%2Fwp%2Fv2%2Ftags&post=6283"}],"curies":[{"name":"wp","href":"https:\/\/api.w.org\/{rel}","templated":true}]}}