{"id":6284,"date":"2026-04-29T06:05:05","date_gmt":"2026-04-29T09:05:05","guid":{"rendered":"https:\/\/vagas.portalemprego.com.br\/?p=6284"},"modified":"2026-04-29T06:05:05","modified_gmt":"2026-04-29T09:05:05","slug":"analista-de-planejamento-e-controle-de-producao-pleno-industrial-producao-fabrica-rio-de-janeiro","status":"publish","type":"post","link":"https:\/\/vagas.portalemprego.com.br\/?p=6284","title":{"rendered":"Analista de Planejamento e Controle de Produ\u00e7\u00e3o &#8211; Pleno &#8211; Industrial, Produ\u00e7\u00e3o, F\u00e1brica &#8211; Rio de Janeiro"},"content":{"rendered":"<p>Hor\u00e1rio de trabalho:   Segunda a sexta; 9h \u00e0s 18h;\t\t<\/p>\n<p>Atividades:<br \/>\n&#8211; Planejar e elaborar o plano de produ\u00e7\u00e3o com ERP;<br \/>\n&#8211; An\u00e1lise cr\u00edtica da demanda para convers\u00e3o em Ordens de fabrica\u00e7\u00e3o, Monitoramento da programa\u00e7\u00e3o de produ\u00e7\u00e3o, Garantir carga de produ\u00e7\u00e3o a curto e m\u00e9dio prazo;<br \/>\n&#8211;  Analisar os estoques de mat\u00e9ria-prima e acabado em m\u00faltiplos armaz\u00e9ns, Planejamento de produ\u00e7\u00e3o em terceiros (Beneficiamento externo);<br \/>\n&#8211; Propor melhorias e oportunidades para otimizar o processo de planejamento;<br \/>\n&#8211; Acompanhamento de indicadores de performance atrav\u00e9s de relat\u00f3rios, an\u00e1lise de obsoleto \/ Slow moving com \u00eanfase na redu\u00e7\u00e3o das perdas; comunica\u00e7\u00e3o efetiva com \u00e1rea comercial informando os prazos de entrega, an\u00e1lise de novos itens, e supera\u00e7\u00e3o de demanda. <\/p>\n<p>Requisitos e qualifica\u00e7\u00f5es:<br \/>\nEscolaridade: curso superior completo em Administra\u00e7\u00e3o, Engenharia Qu\u00edmica ou Engenharia de Produ\u00e7\u00e3o;<br \/>\nPacote Office: intermedi\u00e1rio;<br \/>\nIngl\u00eas: intermedi\u00e1rio;<br \/>\nExperi\u00eancia pr\u00e9via na \u00e1rea: m\u00ednimo de 1 ano;<br \/>\nConhecimentos em processo e gest\u00e3o da produ\u00e7\u00e3o; Conhecimento em sistema de gest\u00e3o SAP (ERP) \/ Desej\u00e1vel conhecimento em Power BI.<\/p>\n<p>Desej\u00e1vel:<br \/>\nComunica\u00e7\u00e3o assertiva;<br \/>\nRela\u00e7\u00f5es interpessoais;<br \/>\nPensamento cr\u00edtico;<br \/>\nCapacidade de trabalhar em equipe;<br \/>\nFlexibilidade e Adaptabilidade.<\/p>\n<ul>\n<li>Local de trabalho: Rio de Janeiro, RJ<\/li>\n<li>Regime de contrata\u00e7\u00e3o de tipo: Efetivo \u2013 CLT<\/li>\n<li>Jornada: Per\u00edodo Integral<\/li>\n<li>\u00c1rea e especializa\u00e7\u00e3o profissional: Industrial, Produ\u00e7\u00e3o, F\u00e1brica &#8211; Produ\u00e7\u00e3o<\/li>\n<li>N\u00edvel hier\u00e1rquico: Analista<\/li>\n<\/ul>\n<p>VALORIZADO<\/p>\n<p>Tempo de experi\u00eancia: Entre 1 e 3 anos<\/p>\n<p>Escolaridade M\u00ednima: Ensino Superior<\/p>\n<p>Forma\u00e7\u00e3o desejada:<\/p>\n<ul>\n<li>Administra\u00e7\u00e3o de empresas, Ensino Superior<\/li>\n<li>Engenharia de produ\u00e7\u00e3o\/industrial, Ensino Superior<\/li>\n<li>Engenharia qu\u00edmica, Ensino Superior<\/li>\n<\/ul>\n<p>Idiomas:<\/p>\n<ul>\n<li>Ingl\u00eas (Intermedi\u00e1rio)<\/li>\n<\/ul>\n<ul>\n<li>Vale transporte<\/li>\n<li>vale refei\u00e7\u00e3o ou alimenta\u00e7\u00e3o<\/li>\n<\/ul>\n","protected":false},"excerpt":{"rendered":"<p>Hor\u00e1rio de trabalho: Segunda a sexta; 9h \u00e0s 18h; Atividades: &#8211; Planejar e elaborar o plano de produ\u00e7\u00e3o com ERP; &#8211; An\u00e1lise cr\u00edtica da demanda para convers\u00e3o em Ordens de fabrica\u00e7\u00e3o, Monitoramento da programa\u00e7\u00e3o de produ\u00e7\u00e3o, Garantir carga de produ\u00e7\u00e3o a curto e m\u00e9dio prazo; &#8211; Analisar os estoques de mat\u00e9ria-prima e acabado em m\u00faltiplos [&hellip;]<\/p>\n","protected":false},"author":1,"featured_media":0,"comment_status":"open","ping_status":"open","sticky":false,"template":"","format":"standard","meta":{"footnotes":""},"categories":[21],"tags":[],"class_list":["post-6284","post","type-post","status-publish","format-standard","hentry","category-rio-de-janeiro-rj"],"_links":{"self":[{"href":"https:\/\/vagas.portalemprego.com.br\/index.php?rest_route=\/wp\/v2\/posts\/6284","targetHints":{"allow":["GET"]}}],"collection":[{"href":"https:\/\/vagas.portalemprego.com.br\/index.php?rest_route=\/wp\/v2\/posts"}],"about":[{"href":"https:\/\/vagas.portalemprego.com.br\/index.php?rest_route=\/wp\/v2\/types\/post"}],"author":[{"embeddable":true,"href":"https:\/\/vagas.portalemprego.com.br\/index.php?rest_route=\/wp\/v2\/users\/1"}],"replies":[{"embeddable":true,"href":"https:\/\/vagas.portalemprego.com.br\/index.php?rest_route=%2Fwp%2Fv2%2Fcomments&post=6284"}],"version-history":[{"count":0,"href":"https:\/\/vagas.portalemprego.com.br\/index.php?rest_route=\/wp\/v2\/posts\/6284\/revisions"}],"wp:attachment":[{"href":"https:\/\/vagas.portalemprego.com.br\/index.php?rest_route=%2Fwp%2Fv2%2Fmedia&parent=6284"}],"wp:term":[{"taxonomy":"category","embeddable":true,"href":"https:\/\/vagas.portalemprego.com.br\/index.php?rest_route=%2Fwp%2Fv2%2Fcategories&post=6284"},{"taxonomy":"post_tag","embeddable":true,"href":"https:\/\/vagas.portalemprego.com.br\/index.php?rest_route=%2Fwp%2Fv2%2Ftags&post=6284"}],"curies":[{"name":"wp","href":"https:\/\/api.w.org\/{rel}","templated":true}]}}