{"id":6286,"date":"2026-04-29T06:05:05","date_gmt":"2026-04-29T09:05:05","guid":{"rendered":"https:\/\/vagas.portalemprego.com.br\/?p=6286"},"modified":"2026-04-29T06:05:05","modified_gmt":"2026-04-29T09:05:05","slug":"auxiliar-de-internacao-hospitalar-barra-da-tijuca-rj-saude-rio-de-janeiro","status":"publish","type":"post","link":"https:\/\/vagas.portalemprego.com.br\/?p=6286","title":{"rendered":"Auxiliar de Interna\u00e7\u00e3o Hospitalar, Barra da Tijuca RJ &#8211; Sa\u00fade &#8211; Rio de Janeiro"},"content":{"rendered":"<p>Contrata\u00e7\u00e3o tempor\u00e1ria de 90 dias com possibilidade de prorroga\u00e7\u00e3o do contrato.<\/p>\n<p>Empresa no segmento de sa\u00fade contrata para atuar em um de seus hospitais, localizado na regi\u00e3o da Barra da Tijuca, RJ.<\/p>\n<p>O profissional ir\u00e1 atender pacientes e clientes externos pessoalmente ou por telefone prestando orienta\u00e7\u00f5es sobre o atendimento. Realizar o cadastro via sistema. Interna\u00e7\u00e3o e ambulat\u00f3rio, solicitar autoriza\u00e7\u00e3o para conv\u00eanios, realizar marca\u00e7\u00f5es de consultas e exames externos, realizar o recebimento das cobran\u00e7as particulares e prezar pela satisfa\u00e7\u00e3o do cliente viabilizando todo processo durante processo de hospitaliza\u00e7\u00e3o. Experi\u00eancia na \u00e1rea administrativa.<\/p>\n<p>Sal\u00e1rio: R$ 2.000,21 + VT + Refei\u00e7\u00e3o no Local<\/p>\n<p>Hor\u00e1rio: 12&#215;36 das 07h \u00e0s 19h.<\/p>\n<p>Perfil esperado \/ requisitos<br \/>\nEnsino m\u00e9dio completo;<br \/>\nExperi\u00eancia anterior na \u00e1rea de atendimento hospitalar por pelo menos 6 meses;<br \/>\nDisponibilidade para atuar na escala 12&#215;36 das 07h \u00e0s 19h;<br \/>\nF\u00e1cil acesso a Barra da Tijuca, RJ.<\/p>\n<ul>\n<li>Local de trabalho: Rio de Janeiro, RJ<\/li>\n<li>Regime de contrata\u00e7\u00e3o de tipo: Tempor\u00e1rio<\/li>\n<li>Jornada: Per\u00edodo Integral<\/li>\n<li>\u00c1rea e especializa\u00e7\u00e3o profissional: Sa\u00fade &#8211; Outras Especialidades M\u00e9dicas<\/li>\n<li>N\u00edvel hier\u00e1rquico: Operacional<\/li>\n<\/ul>\n<p>VALORIZADO<\/p>\n<p>Tempo de experi\u00eancia: Entre 1 e 3 anos<\/p>\n<p>HABILIDADES<\/p>\n<ul>\n<li>Organiza\u00e7\u00e3o<\/li>\n<li>Comunica\u00e7\u00e3o<\/li>\n<li>Proatividade<\/li>\n<\/ul>\n<p>Escolaridade M\u00ednima: Ensino M\u00e9dio (2\u00ba Grau)<\/p>\n<ul>\n<li>Refei\u00e7\u00e3o no Local<\/li>\n<li>VT<\/li>\n<\/ul>\n<p>Sal\u00e1rio: 2000,0<\/p>\n","protected":false},"excerpt":{"rendered":"<p>Contrata\u00e7\u00e3o tempor\u00e1ria de 90 dias com possibilidade de prorroga\u00e7\u00e3o do contrato. Empresa no segmento de sa\u00fade contrata para atuar em um de seus hospitais, localizado na regi\u00e3o da Barra da Tijuca, RJ. O profissional ir\u00e1 atender pacientes e clientes externos pessoalmente ou por telefone prestando orienta\u00e7\u00f5es sobre o atendimento. Realizar o cadastro via sistema. Interna\u00e7\u00e3o [&hellip;]<\/p>\n","protected":false},"author":1,"featured_media":0,"comment_status":"open","ping_status":"open","sticky":false,"template":"","format":"standard","meta":{"footnotes":""},"categories":[21],"tags":[],"class_list":["post-6286","post","type-post","status-publish","format-standard","hentry","category-rio-de-janeiro-rj"],"_links":{"self":[{"href":"https:\/\/vagas.portalemprego.com.br\/index.php?rest_route=\/wp\/v2\/posts\/6286","targetHints":{"allow":["GET"]}}],"collection":[{"href":"https:\/\/vagas.portalemprego.com.br\/index.php?rest_route=\/wp\/v2\/posts"}],"about":[{"href":"https:\/\/vagas.portalemprego.com.br\/index.php?rest_route=\/wp\/v2\/types\/post"}],"author":[{"embeddable":true,"href":"https:\/\/vagas.portalemprego.com.br\/index.php?rest_route=\/wp\/v2\/users\/1"}],"replies":[{"embeddable":true,"href":"https:\/\/vagas.portalemprego.com.br\/index.php?rest_route=%2Fwp%2Fv2%2Fcomments&post=6286"}],"version-history":[{"count":0,"href":"https:\/\/vagas.portalemprego.com.br\/index.php?rest_route=\/wp\/v2\/posts\/6286\/revisions"}],"wp:attachment":[{"href":"https:\/\/vagas.portalemprego.com.br\/index.php?rest_route=%2Fwp%2Fv2%2Fmedia&parent=6286"}],"wp:term":[{"taxonomy":"category","embeddable":true,"href":"https:\/\/vagas.portalemprego.com.br\/index.php?rest_route=%2Fwp%2Fv2%2Fcategories&post=6286"},{"taxonomy":"post_tag","embeddable":true,"href":"https:\/\/vagas.portalemprego.com.br\/index.php?rest_route=%2Fwp%2Fv2%2Ftags&post=6286"}],"curies":[{"name":"wp","href":"https:\/\/api.w.org\/{rel}","templated":true}]}}