{"id":6287,"date":"2026-04-29T06:05:05","date_gmt":"2026-04-29T09:05:05","guid":{"rendered":"https:\/\/vagas.portalemprego.com.br\/?p=6287"},"modified":"2026-04-29T06:05:05","modified_gmt":"2026-04-29T09:05:05","slug":"eletrotecnico-construcao-manutencao-petropolis","status":"publish","type":"post","link":"https:\/\/vagas.portalemprego.com.br\/?p=6287","title":{"rendered":"ELETROTECNICO &#8211; Constru\u00e7\u00e3o, Manuten\u00e7\u00e3o &#8211; Petr\u00f3polis"},"content":{"rendered":"<p>MISS\u00c3O DO CARGO:<\/p>\n<p>Executar servi\u00e7os de manuten\u00e7\u00e3o el\u00e9trica, instala\u00e7\u00f5es de circuitos el\u00e9tricos, e outros equipamentos el\u00e9tricos de baixa e m\u00e9dia tens\u00e3o.<\/p>\n<p>ATRIBUI\u00c7\u00d5ES PRINCIPAIS :<\/p>\n<p>Executar servi\u00e7os de manuten\u00e7\u00e3o corretiva e preventiva em redes de baixa e m\u00e9dia tens\u00e3o, fazendo a distribui\u00e7\u00e3o, montagem das tubula\u00e7\u00f5es el\u00e9tricas no sistema de som, telefonia, alarmes, quadro de circuitos el\u00e9tricos entre outros.<br \/>\nAcompanhar as distribui\u00e7\u00f5es das tubula\u00e7\u00f5es el\u00e9tricas, atrav\u00e9s de especifica\u00e7\u00f5es t\u00e9cnicas, projetos  e croquis para a execu\u00e7\u00e3o segura dos servi\u00e7os solicitados.<br \/>\nDar assist\u00eancia rotineira a qualquer tipo de equipamento el\u00e9trico, verificando frequentemente, as partes consideradas estrat\u00e9gicas para o seu funcionamento.<br \/>\nVerificar e determinar em conjunto com a supervis\u00e3o, o material e as quantidades adequadas para a execu\u00e7\u00e3o dos servi\u00e7os e solicitando reposi\u00e7\u00e3o ao almoxarifado.<br \/>\nAuxiliar demais servi\u00e7os de Manuten\u00e7\u00e3o das Oficinas Hidr\u00e1ulica,  Serralheria, Marcenaria, Refrigera\u00e7\u00e3o e Civil.<br \/>\nManter em ordem o local de trabalho, zelando pelas ferramentas e materiais indispens\u00e1veis ao cumprimento do servi\u00e7o.<br \/>\nZelar pela seguran\u00e7a no trabalho e o uso de E.P.I.s.<\/p>\n<ul>\n<li>Local de trabalho: Petr\u00f3polis, RJ<\/li>\n<li>Regime de contrata\u00e7\u00e3o de tipo: Efetivo \u2013 CLT<\/li>\n<li>Jornada: Per\u00edodo Integral<\/li>\n<li>\u00c1rea e especializa\u00e7\u00e3o profissional: Constru\u00e7\u00e3o, Manuten\u00e7\u00e3o &#8211; Manuten\u00e7\u00e3o El\u00e9trica<\/li>\n<li>N\u00edvel hier\u00e1rquico: Operacional<\/li>\n<\/ul>\n<p>VALORIZADO<\/p>\n<p>Tempo de experi\u00eancia: Entre 1 e 3 anos<\/p>\n<p>HABILIDADES<\/p>\n<ul>\n<li>CFT ATIVO<\/li>\n<li>NR 10 &#8211; SEGURAN\u00c7A EM INSTALA\u00c7\u00d5ES E SERVI\u00c7OS EM ELETRICIDADE<\/li>\n<\/ul>\n<p>Escolaridade M\u00ednima: Curso T\u00e9cnico<\/p>\n<p>Forma\u00e7\u00e3o desejada:<\/p>\n<ul>\n<li>Eletrot\u00e9cnica, Curso T\u00e9cnico<\/li>\n<\/ul>\n<ul>\n<li>Conv\u00eanio com Farm\u00e1cia<\/li>\n<li>Seguro de Vida<\/li>\n<li>Assist\u00eancia m\u00e9dica<\/li>\n<li>Conv\u00eanio com SESC<\/li>\n<li>Assist\u00eancia odontol\u00f3gica<\/li>\n<li>Refei\u00e7\u00e3o no local<\/li>\n<li>Gympass<\/li>\n<li>Vale Alimenta\u00e7\u00e3o<\/li>\n<\/ul>\n","protected":false},"excerpt":{"rendered":"<p>MISS\u00c3O DO CARGO: Executar servi\u00e7os de manuten\u00e7\u00e3o el\u00e9trica, instala\u00e7\u00f5es de circuitos el\u00e9tricos, e outros equipamentos el\u00e9tricos de baixa e m\u00e9dia tens\u00e3o. ATRIBUI\u00c7\u00d5ES PRINCIPAIS : Executar servi\u00e7os de manuten\u00e7\u00e3o corretiva e preventiva em redes de baixa e m\u00e9dia tens\u00e3o, fazendo a distribui\u00e7\u00e3o, montagem das tubula\u00e7\u00f5es el\u00e9tricas no sistema de som, telefonia, alarmes, quadro de circuitos el\u00e9tricos [&hellip;]<\/p>\n","protected":false},"author":1,"featured_media":0,"comment_status":"open","ping_status":"open","sticky":false,"template":"","format":"standard","meta":{"footnotes":""},"categories":[21],"tags":[],"class_list":["post-6287","post","type-post","status-publish","format-standard","hentry","category-rio-de-janeiro-rj"],"_links":{"self":[{"href":"https:\/\/vagas.portalemprego.com.br\/index.php?rest_route=\/wp\/v2\/posts\/6287","targetHints":{"allow":["GET"]}}],"collection":[{"href":"https:\/\/vagas.portalemprego.com.br\/index.php?rest_route=\/wp\/v2\/posts"}],"about":[{"href":"https:\/\/vagas.portalemprego.com.br\/index.php?rest_route=\/wp\/v2\/types\/post"}],"author":[{"embeddable":true,"href":"https:\/\/vagas.portalemprego.com.br\/index.php?rest_route=\/wp\/v2\/users\/1"}],"replies":[{"embeddable":true,"href":"https:\/\/vagas.portalemprego.com.br\/index.php?rest_route=%2Fwp%2Fv2%2Fcomments&post=6287"}],"version-history":[{"count":0,"href":"https:\/\/vagas.portalemprego.com.br\/index.php?rest_route=\/wp\/v2\/posts\/6287\/revisions"}],"wp:attachment":[{"href":"https:\/\/vagas.portalemprego.com.br\/index.php?rest_route=%2Fwp%2Fv2%2Fmedia&parent=6287"}],"wp:term":[{"taxonomy":"category","embeddable":true,"href":"https:\/\/vagas.portalemprego.com.br\/index.php?rest_route=%2Fwp%2Fv2%2Fcategories&post=6287"},{"taxonomy":"post_tag","embeddable":true,"href":"https:\/\/vagas.portalemprego.com.br\/index.php?rest_route=%2Fwp%2Fv2%2Ftags&post=6287"}],"curies":[{"name":"wp","href":"https:\/\/api.w.org\/{rel}","templated":true}]}}