{"id":6289,"date":"2026-04-29T06:05:05","date_gmt":"2026-04-29T09:05:05","guid":{"rendered":"https:\/\/vagas.portalemprego.com.br\/?p=6289"},"modified":"2026-04-29T06:05:05","modified_gmt":"2026-04-29T09:05:05","slug":"comprador-jr-compras-petropolis","status":"publish","type":"post","link":"https:\/\/vagas.portalemprego.com.br\/?p=6289","title":{"rendered":"COMPRADOR JR &#8211; Compras &#8211; Petr\u00f3polis"},"content":{"rendered":"<p>Miss\u00e3o do Cargo:<\/p>\n<p>Respons\u00e1vel por cotar e viabilizar o abastecimento de produtos, servi\u00e7os e utilizados pela institui\u00e7\u00e3o, ao menor custo poss\u00edvel, dentro dos padr\u00f5es estabelecidos de prazo e qualidade, utilizando as informa\u00e7\u00f5es geradas no sistema, aprovando compras e evoluindo em acordos comerciais, visando garantir o atendimento adequado aos pacientes e sustentabilidade da institui\u00e7\u00e3o.<\/p>\n<p>ATRIBUI\u00c7\u00d5ES PRINCIPAIS:<\/p>\n<p>\u2022\tComprar\/contratar produtos e servi\u00e7os mediante negocia\u00e7\u00e3o justa, de acordo com as Pol\u00edticas da ACSC, visando melhores oportunidades de compras quanto a condi\u00e7\u00f5es de pre\u00e7o, qualidade e prazo de entrega;<br \/>\n\u2022\tGarantir que compremos com fornecedores id\u00f4neos e que atendam \u00e0s Pol\u00edticas da ACSC e \u00e0 legisla\u00e7\u00e3o vigente para seu segmento;<br \/>\n\u2022\tDesenvolver novos fornecedores, atrav\u00e9s da coleta de pre\u00e7os e utiliza\u00e7\u00e3o do Portal de Compras corporativo, buscando otimizar a rela\u00e7\u00e3o de custo x benef\u00edcio;<br \/>\n\u2022\tAnalisar as solicita\u00e7\u00f5es de compras e direcionar para a frente respons\u00e1vel pela cota\u00e7\u00e3o (casa ou central de compras corporativa);<br \/>\n\u2022\tRealizar negocia\u00e7\u00e3o com os fornecedores, atrav\u00e9s de contato telef\u00f4nico, e-mail e\/ou pessoalmente, esclarecendo e finalizando processos, visando o fechamento de compras e implanta\u00e7\u00e3o de acordos de fornecimento, dentro das melhores condi\u00e7\u00f5es de pre\u00e7o, qualidade e prazo de entrega;<br \/>\n\u2022\tPropor e negociar acordos de fornecimento, conforme regras definidas pela ACSC;<br \/>\n\u2022\tEmitir as ordens de compra e encaminh\u00e1-las aos fornecedores ap\u00f3s autorizadas, fazendo o acompanhamento do processo de entrega (follow-up) e cumprimento final de todas as condi\u00e7\u00f5es negociadas;<\/p>\n<ul>\n<li>Local de trabalho: Petr\u00f3polis, RJ<\/li>\n<li>Regime de contrata\u00e7\u00e3o de tipo: Efetivo \u2013 CLT<\/li>\n<li>Jornada: Per\u00edodo Integral<\/li>\n<li>\u00c1rea e especializa\u00e7\u00e3o profissional: Compras &#8211; Compras<\/li>\n<li>N\u00edvel hier\u00e1rquico: Analista<\/li>\n<\/ul>\n<p>VALORIZADO<\/p>\n<p>Tempo de experi\u00eancia: Entre 1 e 3 anos<\/p>\n<p>HABILIDADES<\/p>\n<ul>\n<li>N\u00edvel Superior preferencialmente em Administra\u00e7\u00e3o ou Log\u00edstica<\/li>\n<li>Pacote Office Intermedi\u00e1rio<\/li>\n<li>T\u00e9cnicas de Negocia\u00e7\u00e3o<\/li>\n<\/ul>\n<p>Escolaridade M\u00ednima: Ensino Superior<\/p>\n<ul>\n<li>Vale alimenta\u00e7\u00e3o<\/li>\n<li>Conv\u00eanio Farm\u00e1cia<\/li>\n<li>Seguro de Vida<\/li>\n<li>Plano Odontol\u00f3gico<\/li>\n<li>Plano de Sa\u00fade<\/li>\n<li>Welhub (Gympass)<\/li>\n<li>Refeit\u00f3rio no Local<\/li>\n<li>Conv\u00eanio com o Sesc<\/li>\n<\/ul>\n","protected":false},"excerpt":{"rendered":"<p>Miss\u00e3o do Cargo: Respons\u00e1vel por cotar e viabilizar o abastecimento de produtos, servi\u00e7os e utilizados pela institui\u00e7\u00e3o, ao menor custo poss\u00edvel, dentro dos padr\u00f5es estabelecidos de prazo e qualidade, utilizando as informa\u00e7\u00f5es geradas no sistema, aprovando compras e evoluindo em acordos comerciais, visando garantir o atendimento adequado aos pacientes e sustentabilidade da institui\u00e7\u00e3o. ATRIBUI\u00c7\u00d5ES PRINCIPAIS: [&hellip;]<\/p>\n","protected":false},"author":1,"featured_media":0,"comment_status":"open","ping_status":"open","sticky":false,"template":"","format":"standard","meta":{"footnotes":""},"categories":[21],"tags":[],"class_list":["post-6289","post","type-post","status-publish","format-standard","hentry","category-rio-de-janeiro-rj"],"_links":{"self":[{"href":"https:\/\/vagas.portalemprego.com.br\/index.php?rest_route=\/wp\/v2\/posts\/6289","targetHints":{"allow":["GET"]}}],"collection":[{"href":"https:\/\/vagas.portalemprego.com.br\/index.php?rest_route=\/wp\/v2\/posts"}],"about":[{"href":"https:\/\/vagas.portalemprego.com.br\/index.php?rest_route=\/wp\/v2\/types\/post"}],"author":[{"embeddable":true,"href":"https:\/\/vagas.portalemprego.com.br\/index.php?rest_route=\/wp\/v2\/users\/1"}],"replies":[{"embeddable":true,"href":"https:\/\/vagas.portalemprego.com.br\/index.php?rest_route=%2Fwp%2Fv2%2Fcomments&post=6289"}],"version-history":[{"count":0,"href":"https:\/\/vagas.portalemprego.com.br\/index.php?rest_route=\/wp\/v2\/posts\/6289\/revisions"}],"wp:attachment":[{"href":"https:\/\/vagas.portalemprego.com.br\/index.php?rest_route=%2Fwp%2Fv2%2Fmedia&parent=6289"}],"wp:term":[{"taxonomy":"category","embeddable":true,"href":"https:\/\/vagas.portalemprego.com.br\/index.php?rest_route=%2Fwp%2Fv2%2Fcategories&post=6289"},{"taxonomy":"post_tag","embeddable":true,"href":"https:\/\/vagas.portalemprego.com.br\/index.php?rest_route=%2Fwp%2Fv2%2Ftags&post=6289"}],"curies":[{"name":"wp","href":"https:\/\/api.w.org\/{rel}","templated":true}]}}