{"id":6291,"date":"2026-04-29T06:05:05","date_gmt":"2026-04-29T09:05:05","guid":{"rendered":"https:\/\/vagas.portalemprego.com.br\/?p=6291"},"modified":"2026-04-29T06:05:05","modified_gmt":"2026-04-29T09:05:05","slug":"camareira-hospitalar-barra-da-tijuca-rj-saude-rio-de-janeiro","status":"publish","type":"post","link":"https:\/\/vagas.portalemprego.com.br\/?p=6291","title":{"rendered":"Camareira Hospitalar, Barra da Tijuca RJ &#8211; Sa\u00fade &#8211; Rio de Janeiro"},"content":{"rendered":"<p>Contrata\u00e7\u00e3o tempor\u00e1ria de 90 dias com possibilidade de prorroga\u00e7\u00e3o.<\/p>\n<p>Empresa na \u00e1rea da sa\u00fade contrata para atuar em um de seus hospitais localizado na Barra da Tijuca.<br \/>\nO profissional ir\u00e1 executar atividades na assist\u00eancia de limpeza das alas dos pacientes em atendimento e na estrutura da institui\u00e7\u00e3o contribuindo com o tratamento e recupera\u00e7\u00e3o do paciente.<\/p>\n<p>Perfil esperado \/ requisitos<\/p>\n<p>Ensino M\u00e9dio Completo;<br \/>\nExperi\u00eancia como Camareiro (a) por pelo menos 6 meses.<\/p>\n<p>Sal\u00e1rio: R$ 1.677,29 + VT + Refei\u00e7\u00e3o no Local<\/p>\n<p>Hor\u00e1rio:<br \/>\nSegunda a Sexta das 07h \u00e0s 17h;<br \/>\n12&#215;36 &#8211; 07h \u00e0s 19h.<\/p>\n<ul>\n<li>N\u00famero de vagas: 2<\/li>\n<li>Local de trabalho: Rio de Janeiro, RJ<\/li>\n<li>Regime de contrata\u00e7\u00e3o de tipo: Efetivo \u2013 CLT<\/li>\n<li>Jornada: Per\u00edodo Integral<\/li>\n<li>\u00c1rea e especializa\u00e7\u00e3o profissional: Sa\u00fade &#8211; Outras Especialidades M\u00e9dicas<\/li>\n<li>N\u00edvel hier\u00e1rquico: Operacional<\/li>\n<\/ul>\n<p>VALORIZADO<\/p>\n<p>Tempo de experi\u00eancia: Entre 1 e 3 anos<\/p>\n<p>Escolaridade M\u00ednima: Ensino M\u00e9dio (2\u00ba Grau)<\/p>\n<ul>\n<li>Vale Transporte e Refei\u00e7\u00e3o no Local<\/li>\n<\/ul>\n<p>Sal\u00e1rio: 1600,0<\/p>\n","protected":false},"excerpt":{"rendered":"<p>Contrata\u00e7\u00e3o tempor\u00e1ria de 90 dias com possibilidade de prorroga\u00e7\u00e3o. Empresa na \u00e1rea da sa\u00fade contrata para atuar em um de seus hospitais localizado na Barra da Tijuca. O profissional ir\u00e1 executar atividades na assist\u00eancia de limpeza das alas dos pacientes em atendimento e na estrutura da institui\u00e7\u00e3o contribuindo com o tratamento e recupera\u00e7\u00e3o do paciente. [&hellip;]<\/p>\n","protected":false},"author":1,"featured_media":0,"comment_status":"open","ping_status":"open","sticky":false,"template":"","format":"standard","meta":{"footnotes":""},"categories":[21],"tags":[],"class_list":["post-6291","post","type-post","status-publish","format-standard","hentry","category-rio-de-janeiro-rj"],"_links":{"self":[{"href":"https:\/\/vagas.portalemprego.com.br\/index.php?rest_route=\/wp\/v2\/posts\/6291","targetHints":{"allow":["GET"]}}],"collection":[{"href":"https:\/\/vagas.portalemprego.com.br\/index.php?rest_route=\/wp\/v2\/posts"}],"about":[{"href":"https:\/\/vagas.portalemprego.com.br\/index.php?rest_route=\/wp\/v2\/types\/post"}],"author":[{"embeddable":true,"href":"https:\/\/vagas.portalemprego.com.br\/index.php?rest_route=\/wp\/v2\/users\/1"}],"replies":[{"embeddable":true,"href":"https:\/\/vagas.portalemprego.com.br\/index.php?rest_route=%2Fwp%2Fv2%2Fcomments&post=6291"}],"version-history":[{"count":0,"href":"https:\/\/vagas.portalemprego.com.br\/index.php?rest_route=\/wp\/v2\/posts\/6291\/revisions"}],"wp:attachment":[{"href":"https:\/\/vagas.portalemprego.com.br\/index.php?rest_route=%2Fwp%2Fv2%2Fmedia&parent=6291"}],"wp:term":[{"taxonomy":"category","embeddable":true,"href":"https:\/\/vagas.portalemprego.com.br\/index.php?rest_route=%2Fwp%2Fv2%2Fcategories&post=6291"},{"taxonomy":"post_tag","embeddable":true,"href":"https:\/\/vagas.portalemprego.com.br\/index.php?rest_route=%2Fwp%2Fv2%2Ftags&post=6291"}],"curies":[{"name":"wp","href":"https:\/\/api.w.org\/{rel}","templated":true}]}}