{"id":6292,"date":"2026-04-29T06:05:05","date_gmt":"2026-04-29T09:05:05","guid":{"rendered":"https:\/\/vagas.portalemprego.com.br\/?p=6292"},"modified":"2026-04-29T06:05:05","modified_gmt":"2026-04-29T09:05:05","slug":"gerente-de-vendas-comercial-vendas-rio-de-janeiro-3","status":"publish","type":"post","link":"https:\/\/vagas.portalemprego.com.br\/?p=6292","title":{"rendered":"Gerente de Vendas &#8211; Comercial, Vendas &#8211; Rio de Janeiro"},"content":{"rendered":"<p>Voc\u00ea atuar\u00e1 na \u00e1rea Comercial como Gerente de loja, sendo respons\u00e1vel por realizar a gest\u00e3o de pessoas no dia-a-dia, selecionando, treinando e desenvolvendo a equipe constantemente. Al\u00e9m de fazer a gest\u00e3o administrativa do ponto de vendas, mantendo a estrutura e controlando as despesas. Algumas das suas atividades s\u00e3o:<\/p>\n<p>Apoiar em reuni\u00f5es peri\u00f3dicas de equipe;<br \/>\nApoiar no desenvolvimento de m\u00eddias;<br \/>\nApoiar na negocia\u00e7\u00e3o de vendas com clientes;<br \/>\nParticipar da an\u00e1lise de produtividade da equipe de vendas;<br \/>\nParticipar de treinamentos para aperfei\u00e7oamento da equipe de vendas;<br \/>\nOrganizar e promover a rotina di\u00e1ria da equipe de vendas;<br \/>\nCoordenar e acompanhar o fluxo dos contratos.<\/p>\n<ul>\n<li>Local de trabalho: Rio de Janeiro, RJ<\/li>\n<li>Regime de contrata\u00e7\u00e3o de tipo: Efetivo \u2013 CLT<\/li>\n<li>Jornada: Per\u00edodo Integral<\/li>\n<li>\u00c1rea e especializa\u00e7\u00e3o profissional: Comercial, Vendas &#8211; Corretagem<\/li>\n<li>N\u00edvel hier\u00e1rquico: Gerente<\/li>\n<\/ul>\n<p>VALORIZADO<\/p>\n<p>Tempo de experi\u00eancia: Entre 1 e 3 anos<\/p>\n<p>HABILIDADES<\/p>\n<ul>\n<li>Superior completo<\/li>\n<li>Pacote office<\/li>\n<li>Experi\u00eancia como l\u00edder comercial<\/li>\n<li>Habilidade de relacionamento e engajamento de pessoas<\/li>\n<li>Habilidade para an\u00e1lises de mercado<\/li>\n<li>Capacidade de influ\u00eancia<\/li>\n<li>Disciplina; Organiza\u00e7\u00e3o<\/li>\n<\/ul>\n<p>Escolaridade M\u00ednima: Ensino Superior<\/p>\n<p>Habilita\u00e7\u00e3o para dirigir: B<\/p>\n<p>Disponibilidade para viajar<\/p>\n<ul>\n<li>Vale-transporte;<\/li>\n<li>Programa anual de remunera\u00e7\u00e3o vari\u00e1vel;<\/li>\n<li>Sal\u00e1rio compat\u00edvel com o mercado;<\/li>\n<li>Benef\u00edcios, conforme conven\u00e7\u00e3o coletiva de trabalho; E muito mais!<\/li>\n<li>Plano de sa\u00fade;<\/li>\n<li>Benef\u00edcio de alimenta\u00e7\u00e3o flex\u00edvel &#8211; VR (vale-refei\u00e7\u00e3o e\/ou vale-alimenta\u00e7\u00e3o);<\/li>\n<li>Comiss\u00e3o sobre vendas;<\/li>\n<li>TotalPass;<\/li>\n<li>Plano odontol\u00f3gico;<\/li>\n<\/ul>\n","protected":false},"excerpt":{"rendered":"<p>Voc\u00ea atuar\u00e1 na \u00e1rea Comercial como Gerente de loja, sendo respons\u00e1vel por realizar a gest\u00e3o de pessoas no dia-a-dia, selecionando, treinando e desenvolvendo a equipe constantemente. Al\u00e9m de fazer a gest\u00e3o administrativa do ponto de vendas, mantendo a estrutura e controlando as despesas. Algumas das suas atividades s\u00e3o: Apoiar em reuni\u00f5es peri\u00f3dicas de equipe; Apoiar [&hellip;]<\/p>\n","protected":false},"author":1,"featured_media":0,"comment_status":"open","ping_status":"open","sticky":false,"template":"","format":"standard","meta":{"footnotes":""},"categories":[21],"tags":[],"class_list":["post-6292","post","type-post","status-publish","format-standard","hentry","category-rio-de-janeiro-rj"],"_links":{"self":[{"href":"https:\/\/vagas.portalemprego.com.br\/index.php?rest_route=\/wp\/v2\/posts\/6292","targetHints":{"allow":["GET"]}}],"collection":[{"href":"https:\/\/vagas.portalemprego.com.br\/index.php?rest_route=\/wp\/v2\/posts"}],"about":[{"href":"https:\/\/vagas.portalemprego.com.br\/index.php?rest_route=\/wp\/v2\/types\/post"}],"author":[{"embeddable":true,"href":"https:\/\/vagas.portalemprego.com.br\/index.php?rest_route=\/wp\/v2\/users\/1"}],"replies":[{"embeddable":true,"href":"https:\/\/vagas.portalemprego.com.br\/index.php?rest_route=%2Fwp%2Fv2%2Fcomments&post=6292"}],"version-history":[{"count":0,"href":"https:\/\/vagas.portalemprego.com.br\/index.php?rest_route=\/wp\/v2\/posts\/6292\/revisions"}],"wp:attachment":[{"href":"https:\/\/vagas.portalemprego.com.br\/index.php?rest_route=%2Fwp%2Fv2%2Fmedia&parent=6292"}],"wp:term":[{"taxonomy":"category","embeddable":true,"href":"https:\/\/vagas.portalemprego.com.br\/index.php?rest_route=%2Fwp%2Fv2%2Fcategories&post=6292"},{"taxonomy":"post_tag","embeddable":true,"href":"https:\/\/vagas.portalemprego.com.br\/index.php?rest_route=%2Fwp%2Fv2%2Ftags&post=6292"}],"curies":[{"name":"wp","href":"https:\/\/api.w.org\/{rel}","templated":true}]}}