{"id":6301,"date":"2026-04-29T06:06:06","date_gmt":"2026-04-29T09:06:06","guid":{"rendered":"https:\/\/vagas.portalemprego.com.br\/?p=6301"},"modified":"2026-04-29T06:06:06","modified_gmt":"2026-04-29T09:06:06","slug":"analista-de-rh-treinamento-piratininga-niteroi-rj-recursos-humanos-niteroi","status":"publish","type":"post","link":"https:\/\/vagas.portalemprego.com.br\/?p=6301","title":{"rendered":"Analista de RH (Treinamento) &#8211; PIRATININGA &#8211; NITER\u00d3I\/RJ &#8211; Recursos Humanos &#8211; Niter\u00f3i"},"content":{"rendered":"<p>Grande rede de supermercados contrata:<\/p>\n<p>Analista de RH \u2013 Foco em Treinamento para atuar em Piratininga &#8211; Niter\u00f3i\/RJ.<\/p>\n<p>Responsabilidades:<\/p>\n<p>Levantar necessidades de capacita\u00e7\u00e3o junto aos gestores, considerando o contexto de cada setor\/loja;<br \/>\nDesenvolver, implementar e acompanhar programas de treinamento e desenvolvimento;<br \/>\nElaborar e ministrar treinamentos presenciais;<br \/>\nProduzir e atualizar materiais de apoio (manuais, apresenta\u00e7\u00f5es etc.);<br \/>\nDar suporte a treinamentos promovidos por outras \u00e1reas, organizando registros (listas de presen\u00e7a, fotos, relat\u00f3rios);<br \/>\nGerenciar a log\u00edstica dos treinamentos (cronogramas, convites, materiais e espa\u00e7os);<br \/>\nManter controles e indicadores de desempenho para an\u00e1lise de resultados;<br \/>\nApoiar a\u00e7\u00f5es de endomarketing e iniciativas internas de comunica\u00e7\u00e3o e engajamento.<\/p>\n<p>Requisitos:<br \/>\nEnsino superior completo ou cursando em Psicologia, Administra\u00e7\u00e3o, Recursos Humanos ou \u00e1reas correlatas;<br \/>\nDesej\u00e1vel experi\u00eancia pr\u00e9via na \u00e1rea de T&amp;D;<br \/>\nConhecimentos em ferramentas como Canva, PowerPoint e Excel;<br \/>\nBoa comunica\u00e7\u00e3o, organiza\u00e7\u00e3o, proatividade e desenvoltura para falar em p\u00fablico;<br \/>\nDisponibilidade para atuar em diferentes lojas.<\/p>\n<p>Hor\u00e1rio de trabalho: das 7h \u00e0s 17h, de segunda a quinta, e das 7h \u00e0s 16h nas sextas-feiras<\/p>\n<p>Benef\u00edcios: VT + Refei\u00e7\u00e3o no local + Ticket alimenta\u00e7\u00e3o R$90 + Conv\u00eanio com o Sesc + plano de sa\u00fade e odontol\u00f3gico da Amil (Ap\u00f3s 1 ano)<\/p>\n<ul>\n<li>Local de trabalho: Niter\u00f3i, RJ<\/li>\n<li>Regime de contrata\u00e7\u00e3o de tipo: Efetivo \u2013 CLT<\/li>\n<li>Jornada: Per\u00edodo Integral<\/li>\n<li>\u00c1rea e especializa\u00e7\u00e3o profissional: Recursos Humanos &#8211; Treinamento e Desenvolvimento<\/li>\n<li>N\u00edvel hier\u00e1rquico: Analista<\/li>\n<\/ul>\n<p>Escolaridade M\u00ednima: Ensino M\u00e9dio (2\u00ba Grau)<\/p>\n","protected":false},"excerpt":{"rendered":"<p>Grande rede de supermercados contrata: Analista de RH \u2013 Foco em Treinamento para atuar em Piratininga &#8211; Niter\u00f3i\/RJ. Responsabilidades: Levantar necessidades de capacita\u00e7\u00e3o junto aos gestores, considerando o contexto de cada setor\/loja; Desenvolver, implementar e acompanhar programas de treinamento e desenvolvimento; Elaborar e ministrar treinamentos presenciais; Produzir e atualizar materiais de apoio (manuais, apresenta\u00e7\u00f5es etc.); [&hellip;]<\/p>\n","protected":false},"author":1,"featured_media":0,"comment_status":"open","ping_status":"open","sticky":false,"template":"","format":"standard","meta":{"footnotes":""},"categories":[21],"tags":[],"class_list":["post-6301","post","type-post","status-publish","format-standard","hentry","category-rio-de-janeiro-rj"],"_links":{"self":[{"href":"https:\/\/vagas.portalemprego.com.br\/index.php?rest_route=\/wp\/v2\/posts\/6301","targetHints":{"allow":["GET"]}}],"collection":[{"href":"https:\/\/vagas.portalemprego.com.br\/index.php?rest_route=\/wp\/v2\/posts"}],"about":[{"href":"https:\/\/vagas.portalemprego.com.br\/index.php?rest_route=\/wp\/v2\/types\/post"}],"author":[{"embeddable":true,"href":"https:\/\/vagas.portalemprego.com.br\/index.php?rest_route=\/wp\/v2\/users\/1"}],"replies":[{"embeddable":true,"href":"https:\/\/vagas.portalemprego.com.br\/index.php?rest_route=%2Fwp%2Fv2%2Fcomments&post=6301"}],"version-history":[{"count":0,"href":"https:\/\/vagas.portalemprego.com.br\/index.php?rest_route=\/wp\/v2\/posts\/6301\/revisions"}],"wp:attachment":[{"href":"https:\/\/vagas.portalemprego.com.br\/index.php?rest_route=%2Fwp%2Fv2%2Fmedia&parent=6301"}],"wp:term":[{"taxonomy":"category","embeddable":true,"href":"https:\/\/vagas.portalemprego.com.br\/index.php?rest_route=%2Fwp%2Fv2%2Fcategories&post=6301"},{"taxonomy":"post_tag","embeddable":true,"href":"https:\/\/vagas.portalemprego.com.br\/index.php?rest_route=%2Fwp%2Fv2%2Ftags&post=6301"}],"curies":[{"name":"wp","href":"https:\/\/api.w.org\/{rel}","templated":true}]}}