{"id":6302,"date":"2026-04-29T06:06:06","date_gmt":"2026-04-29T09:06:06","guid":{"rendered":"https:\/\/vagas.portalemprego.com.br\/?p=6302"},"modified":"2026-04-29T06:06:06","modified_gmt":"2026-04-29T09:06:06","slug":"auxiliar-de-dp-pcd-recursos-humanos-rio-de-janeiro","status":"publish","type":"post","link":"https:\/\/vagas.portalemprego.com.br\/?p=6302","title":{"rendered":"Auxiliar de DP (PCD) &#8211; Recursos Humanos &#8211; Rio de Janeiro"},"content":{"rendered":"<p>\u2022\tRealizar o cadastro de novos colaboradores<br \/>\n\u2022\tConfer\u00eancia ap\u00f3s o Input<br \/>\n\u2022\tGarantir a assinatura do contrato de trabalho<br \/>\n\u2022\tGarantir que todas as informa\u00e7\u00f5es estejam corretas e atualizadas no sistema.<br \/>\n\u2022\tEnvio E social<br \/>\n\u2022\tApoiar na integra\u00e7\u00e3o dos novos colaboradores, explicando procedimentos internos.<br \/>\n\u2022\tAuxiliar na orienta\u00e7\u00e3o sobre benef\u00edcios e pol\u00edticas da empresa.<\/p>\n<ul>\n<li>Local de trabalho: Rio de Janeiro, RJ<\/li>\n<li>Regime de contrata\u00e7\u00e3o de tipo: Tempor\u00e1rio<\/li>\n<li>Jornada: Per\u00edodo Integral<\/li>\n<li>\u00c1rea e especializa\u00e7\u00e3o profissional: Recursos Humanos &#8211; Departamento Pessoal<\/li>\n<li>N\u00edvel hier\u00e1rquico: Auxiliar<\/li>\n<\/ul>\n<p>VALORIZADO<\/p>\n<p>Tempo de experi\u00eancia: Entre 1 e 3 anos<\/p>\n<p>Escolaridade M\u00ednima: Ensino Superior<\/p>\n<p>Sal\u00e1rio: 3003,0<\/p>\n","protected":false},"excerpt":{"rendered":"<p>\u2022 Realizar o cadastro de novos colaboradores \u2022 Confer\u00eancia ap\u00f3s o Input \u2022 Garantir a assinatura do contrato de trabalho \u2022 Garantir que todas as informa\u00e7\u00f5es estejam corretas e atualizadas no sistema. \u2022 Envio E social \u2022 Apoiar na integra\u00e7\u00e3o dos novos colaboradores, explicando procedimentos internos. \u2022 Auxiliar na orienta\u00e7\u00e3o sobre benef\u00edcios e pol\u00edticas da [&hellip;]<\/p>\n","protected":false},"author":1,"featured_media":0,"comment_status":"open","ping_status":"open","sticky":false,"template":"","format":"standard","meta":{"footnotes":""},"categories":[21],"tags":[],"class_list":["post-6302","post","type-post","status-publish","format-standard","hentry","category-rio-de-janeiro-rj"],"_links":{"self":[{"href":"https:\/\/vagas.portalemprego.com.br\/index.php?rest_route=\/wp\/v2\/posts\/6302","targetHints":{"allow":["GET"]}}],"collection":[{"href":"https:\/\/vagas.portalemprego.com.br\/index.php?rest_route=\/wp\/v2\/posts"}],"about":[{"href":"https:\/\/vagas.portalemprego.com.br\/index.php?rest_route=\/wp\/v2\/types\/post"}],"author":[{"embeddable":true,"href":"https:\/\/vagas.portalemprego.com.br\/index.php?rest_route=\/wp\/v2\/users\/1"}],"replies":[{"embeddable":true,"href":"https:\/\/vagas.portalemprego.com.br\/index.php?rest_route=%2Fwp%2Fv2%2Fcomments&post=6302"}],"version-history":[{"count":0,"href":"https:\/\/vagas.portalemprego.com.br\/index.php?rest_route=\/wp\/v2\/posts\/6302\/revisions"}],"wp:attachment":[{"href":"https:\/\/vagas.portalemprego.com.br\/index.php?rest_route=%2Fwp%2Fv2%2Fmedia&parent=6302"}],"wp:term":[{"taxonomy":"category","embeddable":true,"href":"https:\/\/vagas.portalemprego.com.br\/index.php?rest_route=%2Fwp%2Fv2%2Fcategories&post=6302"},{"taxonomy":"post_tag","embeddable":true,"href":"https:\/\/vagas.portalemprego.com.br\/index.php?rest_route=%2Fwp%2Fv2%2Ftags&post=6302"}],"curies":[{"name":"wp","href":"https:\/\/api.w.org\/{rel}","templated":true}]}}