{"id":6305,"date":"2026-04-29T06:06:06","date_gmt":"2026-04-29T09:06:06","guid":{"rendered":"https:\/\/vagas.portalemprego.com.br\/?p=6305"},"modified":"2026-04-29T06:06:06","modified_gmt":"2026-04-29T09:06:06","slug":"marinheiro-de-conves-transportes-angra-dos-reis","status":"publish","type":"post","link":"https:\/\/vagas.portalemprego.com.br\/?p=6305","title":{"rendered":"Marinheiro de Conv\u00e9s &#8211; Transportes &#8211; Angra dos Reis"},"content":{"rendered":"<p>RESPONSABILIDADES:<br \/>\n&#8211; Fazer o TRANSLADO com nossa embarca\u00e7\u00e3o, transportando h\u00f3spedes e funcion\u00e1rios do hotel at\u00e9 a marina<br \/>\n&#8211; Respons\u00e1vel pela manuten\u00e7\u00e3o e limpeza da embarca\u00e7\u00e3o.<br \/>\n&#8211; Necess\u00e1rio ter habilita\u00e7\u00e3o MAC + ESEP ou superior. <\/p>\n<p>REQUISITOS:<br \/>\n&#8211; Necess\u00e1rio ter experi\u00eancia como marinheiro<br \/>\n&#8211; Necess\u00e1rio ter habilita\u00e7\u00e3o MAC + ESEP ou superior. <\/p>\n<p>\u00c9 NECESS\u00c1RIO TER DISPONIBILIDADE PARA FICAR EM NOSSA BASE, NA ILHA, DURANTE O PER\u00cdODO DE ESCALA.<br \/>\nA empresa oferece alojamento compartilhado, alimenta\u00e7\u00e3o sem custo, gorjeta e passagem.<\/p>\n<ul>\n<li>Local de trabalho: Angra dos Reis, RJ<\/li>\n<li>Regime de contrata\u00e7\u00e3o de tipo: Efetivo \u2013 CLT<\/li>\n<li>Jornada: Per\u00edodo Integral<\/li>\n<li>\u00c1rea e especializa\u00e7\u00e3o profissional: Transportes &#8211; Marinheiro<\/li>\n<li>N\u00edvel hier\u00e1rquico: Operacional<\/li>\n<\/ul>\n<p>VALORIZADO<\/p>\n<p>Tempo de experi\u00eancia: Entre 1 e 3 anos<\/p>\n<p>Escolaridade M\u00ednima: Ensino M\u00e9dio (2\u00ba Grau)<\/p>\n<p>Idiomas:<\/p>\n<ul>\n<li>Ingl\u00eas (Intermedi\u00e1rio)<\/li>\n<\/ul>\n<p>Disponibilidade para viajar<\/p>\n<p>Disponibilidade para mudar de resid\u00eancia<\/p>\n<ul>\n<li>refei\u00e7\u00e3o no local<\/li>\n<li>vale transporte<\/li>\n<li>moradia<\/li>\n<li>gorjeta<\/li>\n<\/ul>\n","protected":false},"excerpt":{"rendered":"<p>RESPONSABILIDADES: &#8211; Fazer o TRANSLADO com nossa embarca\u00e7\u00e3o, transportando h\u00f3spedes e funcion\u00e1rios do hotel at\u00e9 a marina &#8211; Respons\u00e1vel pela manuten\u00e7\u00e3o e limpeza da embarca\u00e7\u00e3o. &#8211; Necess\u00e1rio ter habilita\u00e7\u00e3o MAC + ESEP ou superior. REQUISITOS: &#8211; Necess\u00e1rio ter experi\u00eancia como marinheiro &#8211; Necess\u00e1rio ter habilita\u00e7\u00e3o MAC + ESEP ou superior. \u00c9 NECESS\u00c1RIO TER DISPONIBILIDADE PARA [&hellip;]<\/p>\n","protected":false},"author":1,"featured_media":0,"comment_status":"open","ping_status":"open","sticky":false,"template":"","format":"standard","meta":{"footnotes":""},"categories":[21],"tags":[],"class_list":["post-6305","post","type-post","status-publish","format-standard","hentry","category-rio-de-janeiro-rj"],"_links":{"self":[{"href":"https:\/\/vagas.portalemprego.com.br\/index.php?rest_route=\/wp\/v2\/posts\/6305","targetHints":{"allow":["GET"]}}],"collection":[{"href":"https:\/\/vagas.portalemprego.com.br\/index.php?rest_route=\/wp\/v2\/posts"}],"about":[{"href":"https:\/\/vagas.portalemprego.com.br\/index.php?rest_route=\/wp\/v2\/types\/post"}],"author":[{"embeddable":true,"href":"https:\/\/vagas.portalemprego.com.br\/index.php?rest_route=\/wp\/v2\/users\/1"}],"replies":[{"embeddable":true,"href":"https:\/\/vagas.portalemprego.com.br\/index.php?rest_route=%2Fwp%2Fv2%2Fcomments&post=6305"}],"version-history":[{"count":0,"href":"https:\/\/vagas.portalemprego.com.br\/index.php?rest_route=\/wp\/v2\/posts\/6305\/revisions"}],"wp:attachment":[{"href":"https:\/\/vagas.portalemprego.com.br\/index.php?rest_route=%2Fwp%2Fv2%2Fmedia&parent=6305"}],"wp:term":[{"taxonomy":"category","embeddable":true,"href":"https:\/\/vagas.portalemprego.com.br\/index.php?rest_route=%2Fwp%2Fv2%2Fcategories&post=6305"},{"taxonomy":"post_tag","embeddable":true,"href":"https:\/\/vagas.portalemprego.com.br\/index.php?rest_route=%2Fwp%2Fv2%2Ftags&post=6305"}],"curies":[{"name":"wp","href":"https:\/\/api.w.org\/{rel}","templated":true}]}}