{"id":6307,"date":"2026-04-29T06:06:06","date_gmt":"2026-04-29T09:06:06","guid":{"rendered":"https:\/\/vagas.portalemprego.com.br\/?p=6307"},"modified":"2026-04-29T06:06:06","modified_gmt":"2026-04-29T09:06:06","slug":"auxiliar-de-logistica-pcd-logistica-duque-de-caxias-3","status":"publish","type":"post","link":"https:\/\/vagas.portalemprego.com.br\/?p=6307","title":{"rendered":"Auxiliar de Log\u00edstica (PCD) &#8211; Log\u00edstica &#8211; Duque de Caxias"},"content":{"rendered":"<p>VAGA EXCLUSIVA PCD!!<br \/>\nCargo: Auxiliar de Log\u00edstica<br \/>\nContrata\u00e7\u00e3o: CLT<br \/>\nLocal: Parque S\u00e3o Bento, Duque de Caxias &#8211; RJ<br \/>\nHor\u00e1rio:  5&#215;2 ter \u00e0 s\u00e1b\t08:12 \u00e0s 18:00<br \/>\nSal\u00e1rio: R$ 1.800,00<br \/>\nOferecemos: V.T ou  Aux. Combust\u00edvel + Conv\u00eanio m\u00e9dico + Conv\u00eanio Odontol\u00f3gico + Seguro de Vida + Refeit\u00f3rio + Cesta B\u00e1sica.<\/p>\n<p>Atividades: Respons\u00e1vel por executar o fluxo de entrada e sa\u00edda de pacotes dentro do prazo e metas definidas pela organiza\u00e7\u00e3o, seguindo todas as politicas internas. Os principais desafios s\u00e3o realizar as etapas dos processos em menor tempo, sem danificar o produto do comprador, respeitando os requisitos de qualidade e seguran\u00e7a estabelecidos e dessa forma atingir bons resultados nos indicadores de desempenho atrav\u00e9s da performance operacional.<\/p>\n<p>*Necess\u00e1rio*: Ensino fundamental completo, ser maior de 18 anos, desej\u00e1vel experi\u00eancia fun\u00e7\u00e3o.<\/p>\n<ul>\n<li>N\u00famero de vagas: 19<\/li>\n<li>Local de trabalho: Duque de Caxias, RJ<\/li>\n<li>Regime de contrata\u00e7\u00e3o de tipo: Efetivo \u2013 CLT<\/li>\n<li>Jornada: Per\u00edodo Integral<\/li>\n<li>\u00c1rea e especializa\u00e7\u00e3o profissional: Log\u00edstica &#8211; Log\u00edstica<\/li>\n<li>N\u00edvel hier\u00e1rquico: Auxiliar<\/li>\n<\/ul>\n<p>Escolaridade M\u00ednima: Ensino Fundamental (1\u00ba grau)<\/p>\n<p>Forma\u00e7\u00e3o desejada:<\/p>\n<ul>\n<li>Ensino Fundamental (1\u00ba grau)<\/li>\n<\/ul>\n<ul>\n<li>Aux\u00edlio combust\u00edvel<\/li>\n<li>Refei\u00e7\u00e3o no local<\/li>\n<li>Plano Odontol\u00f3gico<\/li>\n<li>Plano de Sa\u00fade<\/li>\n<li>Vale transporte<\/li>\n<\/ul>\n<p>Sal\u00e1rio: 18000,0<\/p>\n","protected":false},"excerpt":{"rendered":"<p>VAGA EXCLUSIVA PCD!! Cargo: Auxiliar de Log\u00edstica Contrata\u00e7\u00e3o: CLT Local: Parque S\u00e3o Bento, Duque de Caxias &#8211; RJ Hor\u00e1rio: 5&#215;2 ter \u00e0 s\u00e1b 08:12 \u00e0s 18:00 Sal\u00e1rio: R$ 1.800,00 Oferecemos: V.T ou Aux. Combust\u00edvel + Conv\u00eanio m\u00e9dico + Conv\u00eanio Odontol\u00f3gico + Seguro de Vida + Refeit\u00f3rio + Cesta B\u00e1sica. Atividades: Respons\u00e1vel por executar o fluxo [&hellip;]<\/p>\n","protected":false},"author":1,"featured_media":0,"comment_status":"open","ping_status":"open","sticky":false,"template":"","format":"standard","meta":{"footnotes":""},"categories":[21],"tags":[],"class_list":["post-6307","post","type-post","status-publish","format-standard","hentry","category-rio-de-janeiro-rj"],"_links":{"self":[{"href":"https:\/\/vagas.portalemprego.com.br\/index.php?rest_route=\/wp\/v2\/posts\/6307","targetHints":{"allow":["GET"]}}],"collection":[{"href":"https:\/\/vagas.portalemprego.com.br\/index.php?rest_route=\/wp\/v2\/posts"}],"about":[{"href":"https:\/\/vagas.portalemprego.com.br\/index.php?rest_route=\/wp\/v2\/types\/post"}],"author":[{"embeddable":true,"href":"https:\/\/vagas.portalemprego.com.br\/index.php?rest_route=\/wp\/v2\/users\/1"}],"replies":[{"embeddable":true,"href":"https:\/\/vagas.portalemprego.com.br\/index.php?rest_route=%2Fwp%2Fv2%2Fcomments&post=6307"}],"version-history":[{"count":0,"href":"https:\/\/vagas.portalemprego.com.br\/index.php?rest_route=\/wp\/v2\/posts\/6307\/revisions"}],"wp:attachment":[{"href":"https:\/\/vagas.portalemprego.com.br\/index.php?rest_route=%2Fwp%2Fv2%2Fmedia&parent=6307"}],"wp:term":[{"taxonomy":"category","embeddable":true,"href":"https:\/\/vagas.portalemprego.com.br\/index.php?rest_route=%2Fwp%2Fv2%2Fcategories&post=6307"},{"taxonomy":"post_tag","embeddable":true,"href":"https:\/\/vagas.portalemprego.com.br\/index.php?rest_route=%2Fwp%2Fv2%2Ftags&post=6307"}],"curies":[{"name":"wp","href":"https:\/\/api.w.org\/{rel}","templated":true}]}}