{"id":6312,"date":"2026-04-29T06:06:06","date_gmt":"2026-04-29T09:06:06","guid":{"rendered":"https:\/\/vagas.portalemprego.com.br\/?p=6312"},"modified":"2026-04-29T06:06:06","modified_gmt":"2026-04-29T09:06:06","slug":"staff-operacoes-adm-industrial-producao-fabrica-pirai","status":"publish","type":"post","link":"https:\/\/vagas.portalemprego.com.br\/?p=6312","title":{"rendered":"Staff Opera\u00e7\u00f5es ADM &#8211; Industrial, Produ\u00e7\u00e3o, F\u00e1brica &#8211; Pira\u00ed"},"content":{"rendered":"<p>Estamos em busca de um profissional dedicado e experiente para o cargo de Staff Opera\u00e7\u00f5es.<\/p>\n<p>Voc\u00ea estar\u00e1 dando assist\u00eancia aos nossos Coordenadores e Supervisores da unidade, apoiar a elabora\u00e7\u00e3o de relat\u00f3rios gerenciais e operacionais, organizar documentos e processos internos ligados \u00e0 \u00e1rea produtiva, acompanhar a rotina de coordenadores e supervisores da produ\u00e7\u00e3o, alimentar e controlar planilhas de indicadores operacionais <\/p>\n<p>Requisito:<br \/>\n&#8211; Estar cursando Ensino Superior (Log\u00edstica, Administra\u00e7\u00e3o, Engenharia&#8230;)<\/p>\n<p>Junte-se \u00e0 nossa equipe e fa\u00e7a parte de um ambiente que valoriza a seguran\u00e7a e o bem-estar dos colaboradores.<\/p>\n<ul>\n<li>Local de trabalho: Pira\u00ed, RJ<\/li>\n<li>Regime de contrata\u00e7\u00e3o de tipo: Efetivo \u2013 CLT<\/li>\n<li>Jornada: Per\u00edodo Integral<\/li>\n<li>\u00c1rea e especializa\u00e7\u00e3o profissional: Industrial, Produ\u00e7\u00e3o, F\u00e1brica &#8211; Produ\u00e7\u00e3o<\/li>\n<li>N\u00edvel hier\u00e1rquico: Auxiliar<\/li>\n<\/ul>\n<p>VALORIZADO<\/p>\n<p>Tempo de experi\u00eancia: Menos de 1 ano<\/p>\n<p>HABILIDADES<\/p>\n<ul>\n<li>Microsoft Excel<\/li>\n<li>KPI<\/li>\n<\/ul>\n<p>Escolaridade M\u00ednima: Ensino Superior<\/p>\n<ul>\n<li>Fretado<\/li>\n<li>Plano de Sa\u00fade<\/li>\n<li>Cesta b\u00e1sica<\/li>\n<li>SESC<\/li>\n<li>Refei\u00e7\u00e3o no local<\/li>\n<\/ul>\n<p>Sal\u00e1rio: 1730,0<\/p>\n","protected":false},"excerpt":{"rendered":"<p>Estamos em busca de um profissional dedicado e experiente para o cargo de Staff Opera\u00e7\u00f5es. Voc\u00ea estar\u00e1 dando assist\u00eancia aos nossos Coordenadores e Supervisores da unidade, apoiar a elabora\u00e7\u00e3o de relat\u00f3rios gerenciais e operacionais, organizar documentos e processos internos ligados \u00e0 \u00e1rea produtiva, acompanhar a rotina de coordenadores e supervisores da produ\u00e7\u00e3o, alimentar e controlar [&hellip;]<\/p>\n","protected":false},"author":1,"featured_media":0,"comment_status":"open","ping_status":"open","sticky":false,"template":"","format":"standard","meta":{"footnotes":""},"categories":[21],"tags":[],"class_list":["post-6312","post","type-post","status-publish","format-standard","hentry","category-rio-de-janeiro-rj"],"_links":{"self":[{"href":"https:\/\/vagas.portalemprego.com.br\/index.php?rest_route=\/wp\/v2\/posts\/6312","targetHints":{"allow":["GET"]}}],"collection":[{"href":"https:\/\/vagas.portalemprego.com.br\/index.php?rest_route=\/wp\/v2\/posts"}],"about":[{"href":"https:\/\/vagas.portalemprego.com.br\/index.php?rest_route=\/wp\/v2\/types\/post"}],"author":[{"embeddable":true,"href":"https:\/\/vagas.portalemprego.com.br\/index.php?rest_route=\/wp\/v2\/users\/1"}],"replies":[{"embeddable":true,"href":"https:\/\/vagas.portalemprego.com.br\/index.php?rest_route=%2Fwp%2Fv2%2Fcomments&post=6312"}],"version-history":[{"count":0,"href":"https:\/\/vagas.portalemprego.com.br\/index.php?rest_route=\/wp\/v2\/posts\/6312\/revisions"}],"wp:attachment":[{"href":"https:\/\/vagas.portalemprego.com.br\/index.php?rest_route=%2Fwp%2Fv2%2Fmedia&parent=6312"}],"wp:term":[{"taxonomy":"category","embeddable":true,"href":"https:\/\/vagas.portalemprego.com.br\/index.php?rest_route=%2Fwp%2Fv2%2Fcategories&post=6312"},{"taxonomy":"post_tag","embeddable":true,"href":"https:\/\/vagas.portalemprego.com.br\/index.php?rest_route=%2Fwp%2Fv2%2Ftags&post=6312"}],"curies":[{"name":"wp","href":"https:\/\/api.w.org\/{rel}","templated":true}]}}