{"id":6321,"date":"2026-04-29T06:07:07","date_gmt":"2026-04-29T09:07:07","guid":{"rendered":"https:\/\/vagas.portalemprego.com.br\/?p=6321"},"modified":"2026-04-29T06:07:07","modified_gmt":"2026-04-29T09:07:07","slug":"auxiliar-administrativo-administracao-rio-de-janeiro-19","status":"publish","type":"post","link":"https:\/\/vagas.portalemprego.com.br\/?p=6321","title":{"rendered":"Auxiliar Administrativo &#8211; Administra\u00e7\u00e3o &#8211; Rio de Janeiro"},"content":{"rendered":"<p>Estamos em busca de um(a) Auxliar Administrativo(a) para integrar o nosso time. Essa pessoa ser\u00e1 fundamental no suporte \u00e0s rotinas administrativas, contribuindo para a organiza\u00e7\u00e3o, efici\u00eancia e bom funcionamento da nossa infraestrutura.<\/p>\n<p>Principais responsabilidades:<\/p>\n<p>Apoio na organiza\u00e7\u00e3o e execu\u00e7\u00e3o de treinamentos internos e externos (recursos audiovisuais, materiais, coffee break, brindes, certificados e comunica\u00e7\u00e3o com os participantes)<br \/>\nAtendimento telef\u00f4nico, e-mail e recep\u00e7\u00e3o de visitantes<br \/>\nControle de fichas de inscri\u00e7\u00e3o, matr\u00edculas e bases de dados (clientes, alunos e fornecedores)<br \/>\nOrganiza\u00e7\u00e3o de documentos administrativos, contratos, projetos e desenhos t\u00e9cnicos<br \/>\nSuporte \u00e0 equipe de TI e \u00e0 administradora predial S\u00e3o Carlos S.A.<br \/>\nMonitoramento de contratos com prestadores de servi\u00e7o (ex: limpeza)<br \/>\nCompra e controle de materiais de escrit\u00f3rio<br \/>\nApoio na emiss\u00e3o de notas fiscais, controle de despesas e pagamentos<br \/>\nApoio \u00e0 equipe de marketing na produ\u00e7\u00e3o de materiais promocionais e divulga\u00e7\u00e3o em redes sociais<br \/>\nElabora\u00e7\u00e3o de planilhas, cronogramas e relat\u00f3rios simples<br \/>\nAux\u00edlio na log\u00edstica de documentos, materiais ou equipe para obras ou reuni\u00f5es externas<br \/>\nControle de agendas, prazos e compromissos da equipe<\/p>\n<p>Requisitos:<br \/>\nEnsino m\u00e9dio completo<br \/>\nDesej\u00e1vel estar cursando gradua\u00e7\u00e3o administra\u00e7\u00e3o<br \/>\nConhecimento intermedi\u00e1rio do Pacote Office<br \/>\nBoa comunica\u00e7\u00e3o, organiza\u00e7\u00e3o e proatividade<\/p>\n<ul>\n<li>Local de trabalho: Rio de Janeiro, RJ<\/li>\n<li>Regime de contrata\u00e7\u00e3o de tipo: Efetivo \u2013 CLT<\/li>\n<li>Jornada: Per\u00edodo Integral<\/li>\n<li>\u00c1rea e especializa\u00e7\u00e3o profissional: Administra\u00e7\u00e3o &#8211; Administra\u00e7\u00e3o Geral<\/li>\n<li>N\u00edvel hier\u00e1rquico: Auxiliar<\/li>\n<\/ul>\n<p>VALORIZADO<\/p>\n<p>Tempo de experi\u00eancia: Entre 1 e 3 anos<\/p>\n<p>HABILIDADES<\/p>\n<ul>\n<li>Organiza\u00e7\u00e3o<\/li>\n<li>Comunica\u00e7\u00e3o<\/li>\n<li>Pro atividade<\/li>\n<\/ul>\n<p>Escolaridade M\u00ednima: Ensino M\u00e9dio (2\u00ba Grau)<\/p>\n<p>Forma\u00e7\u00e3o desejada:<\/p>\n<ul>\n<li>Administra\u00e7\u00e3o de empresas, Ensino Superior<\/li>\n<\/ul>\n<ul>\n<li>Assist\u00eancia odontol\u00f3gica<\/li>\n<li>Programa gestantes<\/li>\n<li>Gift Card<\/li>\n<li>Assist\u00eancia m\u00e9dica<\/li>\n<li>Acompanhamento esportivo<\/li>\n<li>Previd\u00eancia Privada<\/li>\n<li>Gympass<\/li>\n<li>Vale Refei\u00e7\u00e3o<\/li>\n<li>Seguro de vida<\/li>\n<li>Descontos em farm\u00e1cias<\/li>\n<\/ul>\n","protected":false},"excerpt":{"rendered":"<p>Estamos em busca de um(a) Auxliar Administrativo(a) para integrar o nosso time. Essa pessoa ser\u00e1 fundamental no suporte \u00e0s rotinas administrativas, contribuindo para a organiza\u00e7\u00e3o, efici\u00eancia e bom funcionamento da nossa infraestrutura. Principais responsabilidades: Apoio na organiza\u00e7\u00e3o e execu\u00e7\u00e3o de treinamentos internos e externos (recursos audiovisuais, materiais, coffee break, brindes, certificados e comunica\u00e7\u00e3o com os [&hellip;]<\/p>\n","protected":false},"author":1,"featured_media":0,"comment_status":"open","ping_status":"open","sticky":false,"template":"","format":"standard","meta":{"footnotes":""},"categories":[21],"tags":[],"class_list":["post-6321","post","type-post","status-publish","format-standard","hentry","category-rio-de-janeiro-rj"],"_links":{"self":[{"href":"https:\/\/vagas.portalemprego.com.br\/index.php?rest_route=\/wp\/v2\/posts\/6321","targetHints":{"allow":["GET"]}}],"collection":[{"href":"https:\/\/vagas.portalemprego.com.br\/index.php?rest_route=\/wp\/v2\/posts"}],"about":[{"href":"https:\/\/vagas.portalemprego.com.br\/index.php?rest_route=\/wp\/v2\/types\/post"}],"author":[{"embeddable":true,"href":"https:\/\/vagas.portalemprego.com.br\/index.php?rest_route=\/wp\/v2\/users\/1"}],"replies":[{"embeddable":true,"href":"https:\/\/vagas.portalemprego.com.br\/index.php?rest_route=%2Fwp%2Fv2%2Fcomments&post=6321"}],"version-history":[{"count":0,"href":"https:\/\/vagas.portalemprego.com.br\/index.php?rest_route=\/wp\/v2\/posts\/6321\/revisions"}],"wp:attachment":[{"href":"https:\/\/vagas.portalemprego.com.br\/index.php?rest_route=%2Fwp%2Fv2%2Fmedia&parent=6321"}],"wp:term":[{"taxonomy":"category","embeddable":true,"href":"https:\/\/vagas.portalemprego.com.br\/index.php?rest_route=%2Fwp%2Fv2%2Fcategories&post=6321"},{"taxonomy":"post_tag","embeddable":true,"href":"https:\/\/vagas.portalemprego.com.br\/index.php?rest_route=%2Fwp%2Fv2%2Ftags&post=6321"}],"curies":[{"name":"wp","href":"https:\/\/api.w.org\/{rel}","templated":true}]}}