{"id":6323,"date":"2026-04-29T06:07:07","date_gmt":"2026-04-29T09:07:07","guid":{"rendered":"https:\/\/vagas.portalemprego.com.br\/?p=6323"},"modified":"2026-04-29T06:07:07","modified_gmt":"2026-04-29T09:07:07","slug":"portaria-servicos-gerais-rio-de-janeiro","status":"publish","type":"post","link":"https:\/\/vagas.portalemprego.com.br\/?p=6323","title":{"rendered":"Portaria &#8211; Servi\u00e7os Gerais &#8211; Rio de Janeiro"},"content":{"rendered":"<p>Porteiro \u2014 Celeiro Restaurante e Eventos Ltda<br \/>\nO Celeiro Restaurante e Eventos Ltda est\u00e1 contratando um profissional dedicado, respons\u00e1vel e atencioso para atuar na Portaria.<br \/>\nEssa \u00e9 uma fun\u00e7\u00e3o muito importante para garantir a seguran\u00e7a e o bom funcionamento do nosso espa\u00e7o, que recebe diariamente clientes e equipes em eventos especiais.<br \/>\nPrincipais atividades:<br \/>\nControlar a entrada e sa\u00edda de pessoas e ve\u00edculos;<br \/>\nReceber e orientar visitantes com educa\u00e7\u00e3o e aten\u00e7\u00e3o;<br \/>\nAcompanhar o monitoramento das c\u00e2meras de seguran\u00e7a;<br \/>\nZelar pela limpeza e organiza\u00e7\u00e3o da \u00e1rea de portaria;<br \/>\nComunicar \u00e0 equipe qualquer situa\u00e7\u00e3o fora do normal.<br \/>\nRequisitos:<br \/>\nSer pontual, respons\u00e1vel e ter boa postura;<br \/>\nSaber lidar com o p\u00fablico de forma respeitosa e cordial;<br \/>\nTer aten\u00e7\u00e3o aos detalhes e disposi\u00e7\u00e3o para colaborar;<br \/>\nExperi\u00eancia na \u00e1rea ser\u00e1 um diferencial, mas n\u00e3o \u00e9 obrigat\u00f3ria.<br \/>\nOferecemos:<br \/>\nAmbiente de trabalho agrad\u00e1vel e organizado;<br \/>\nTreinamento e apoio da equipe;<br \/>\nOportunidade de estabilidade e crescimento.<br \/>\nSe voc\u00ea \u00e9 uma pessoa comprometida, simp\u00e1tica e gosta de cuidar da seguran\u00e7a e da boa ordem, venha fazer parte da nossa equipe!<br \/>\n?? Envie seu curr\u00edculo e venha contribuir para o sucesso do Celeiro Restaurante e Eventos Ltda, ajudando a manter um ambiente seguro, acolhedor e de confian\u00e7a.<\/p>\n<ul>\n<li>Local de trabalho: Rio de Janeiro, RJ<\/li>\n<li>Regime de contrata\u00e7\u00e3o de tipo: Efetivo \u2013 CLT<\/li>\n<li>Jornada: Per\u00edodo Integral<\/li>\n<li>\u00c1rea e especializa\u00e7\u00e3o profissional: Servi\u00e7os Gerais &#8211; Zeladoria<\/li>\n<li>N\u00edvel hier\u00e1rquico: Auxiliar<\/li>\n<\/ul>\n<p>VALORIZADO<\/p>\n<p>Tempo de experi\u00eancia: Entre 1 e 3 anos<\/p>\n<p>Escolaridade M\u00ednima: Ensino Superior<\/p>\n<p>Sal\u00e1rio: 1825,76<\/p>\n","protected":false},"excerpt":{"rendered":"<p>Porteiro \u2014 Celeiro Restaurante e Eventos Ltda O Celeiro Restaurante e Eventos Ltda est\u00e1 contratando um profissional dedicado, respons\u00e1vel e atencioso para atuar na Portaria. Essa \u00e9 uma fun\u00e7\u00e3o muito importante para garantir a seguran\u00e7a e o bom funcionamento do nosso espa\u00e7o, que recebe diariamente clientes e equipes em eventos especiais. Principais atividades: Controlar a [&hellip;]<\/p>\n","protected":false},"author":1,"featured_media":0,"comment_status":"open","ping_status":"open","sticky":false,"template":"","format":"standard","meta":{"footnotes":""},"categories":[21],"tags":[],"class_list":["post-6323","post","type-post","status-publish","format-standard","hentry","category-rio-de-janeiro-rj"],"_links":{"self":[{"href":"https:\/\/vagas.portalemprego.com.br\/index.php?rest_route=\/wp\/v2\/posts\/6323","targetHints":{"allow":["GET"]}}],"collection":[{"href":"https:\/\/vagas.portalemprego.com.br\/index.php?rest_route=\/wp\/v2\/posts"}],"about":[{"href":"https:\/\/vagas.portalemprego.com.br\/index.php?rest_route=\/wp\/v2\/types\/post"}],"author":[{"embeddable":true,"href":"https:\/\/vagas.portalemprego.com.br\/index.php?rest_route=\/wp\/v2\/users\/1"}],"replies":[{"embeddable":true,"href":"https:\/\/vagas.portalemprego.com.br\/index.php?rest_route=%2Fwp%2Fv2%2Fcomments&post=6323"}],"version-history":[{"count":0,"href":"https:\/\/vagas.portalemprego.com.br\/index.php?rest_route=\/wp\/v2\/posts\/6323\/revisions"}],"wp:attachment":[{"href":"https:\/\/vagas.portalemprego.com.br\/index.php?rest_route=%2Fwp%2Fv2%2Fmedia&parent=6323"}],"wp:term":[{"taxonomy":"category","embeddable":true,"href":"https:\/\/vagas.portalemprego.com.br\/index.php?rest_route=%2Fwp%2Fv2%2Fcategories&post=6323"},{"taxonomy":"post_tag","embeddable":true,"href":"https:\/\/vagas.portalemprego.com.br\/index.php?rest_route=%2Fwp%2Fv2%2Ftags&post=6323"}],"curies":[{"name":"wp","href":"https:\/\/api.w.org\/{rel}","templated":true}]}}