{"id":6324,"date":"2026-04-29T06:07:07","date_gmt":"2026-04-29T09:07:07","guid":{"rendered":"https:\/\/vagas.portalemprego.com.br\/?p=6324"},"modified":"2026-04-29T06:07:07","modified_gmt":"2026-04-29T09:07:07","slug":"auxiliar-de-eventos-para-decoracao-arquitetura-decoracao-design-rio-de-janeiro","status":"publish","type":"post","link":"https:\/\/vagas.portalemprego.com.br\/?p=6324","title":{"rendered":"Auxiliar de Eventos Para Decora\u00e7\u00e3o &#8211; Arquitetura, Decora\u00e7\u00e3o, Design &#8211; Rio de Janeiro"},"content":{"rendered":"<p>Auxiliar de Decora\u00e7\u00e3o de Eventos \u2014 Celeiro Restaurante e Eventos Ltda<br \/>\nO Celeiro Restaurante e Eventos Ltda est\u00e1 em busca de um profissional criativo, caprichoso e apaixonado por transformar espa\u00e7os para atuar como Auxiliar de Decora\u00e7\u00e3o de Eventos.<br \/>\nSe voc\u00ea gosta de ver um ambiente ganhar vida, tem bom gosto e aten\u00e7\u00e3o aos detalhes, essa pode ser a oportunidade perfeita para voc\u00ea!<br \/>\nSuas principais atividades ser\u00e3o:<br \/>\nApoiar no planejamento, montagem e desmontagem das decora\u00e7\u00f5es;<br \/>\nAuxiliar na cria\u00e7\u00e3o de ambientes tem\u00e1ticos e personalizados, conforme o estilo de cada cliente;<br \/>\nAjudar no posicionamento de flores, mobili\u00e1rio, tecidos e itens decorativos;<br \/>\nTrabalhar em conjunto com a equipe de eventos e fornecedores para garantir que tudo saia conforme o projeto;<br \/>\nManter o local de trabalho organizado e zelar pelos materiais de decora\u00e7\u00e3o.<br \/>\nO que buscamos:<br \/>\nPessoa respons\u00e1vel, criativa e com senso est\u00e9tico apurado;<br \/>\nFacilidade para trabalhar em equipe e seguir orienta\u00e7\u00f5es;<br \/>\nEnergia e disposi\u00e7\u00e3o para atuar em montagens e desmontagens de eventos;<br \/>\nExperi\u00eancia com decora\u00e7\u00e3o de eventos \u00e9 um grande diferencial, mas n\u00e3o \u00e9 obrigat\u00f3ria \u2014 o mais importante \u00e9 ter vontade de aprender e fazer bem feito!<br \/>\nDiferenciais desejados:<br \/>\nExperi\u00eancia em eventos sociais ou corporativos;<br \/>\nNo\u00e7\u00f5es de cores, propor\u00e7\u00e3o e harmonia visual;<br \/>\nConhecimento b\u00e1sico em or\u00e7amentos e controle de materiais.<br \/>\nO que oferecemos:<br \/>\nAmbiente de trabalho criativo, din\u00e2mico e colaborativo;<br \/>\nOportunidade de crescimento e aprendizado com profissionais experientes;<br \/>\nParticipa\u00e7\u00e3o em eventos marcantes e de alto padr\u00e3o.<br \/>\nSe voc\u00ea tem paix\u00e3o por decora\u00e7\u00e3o, gosta de trabalhar com as m\u00e3os e quer ver seu talento brilhar em grandes eventos, venha fazer parte do time do Celeiro Restaurante e Eventos Ltda!<br \/>\n?? Envie seu curr\u00edculo (e, se poss\u00edvel, fotos ou portf\u00f3lio de trabalhos anteriores).<br \/>\n Estamos ansiosos para conhecer o seu talento e criar juntos momentos inesquec\u00edveis!<\/p>\n<ul>\n<li>Local de trabalho: Rio de Janeiro, RJ<\/li>\n<li>Regime de contrata\u00e7\u00e3o de tipo: Efetivo \u2013 CLT<\/li>\n<li>Jornada: Per\u00edodo Integral<\/li>\n<li>\u00c1rea e especializa\u00e7\u00e3o profissional: Arquitetura, Decora\u00e7\u00e3o, Design &#8211; Design de Interiores \/ Decora\u00e7\u00e3o<\/li>\n<li>N\u00edvel hier\u00e1rquico: Auxiliar<\/li>\n<\/ul>\n<p>VALORIZADO<\/p>\n<p>Tempo de experi\u00eancia: Entre 1 e 3 anos<\/p>\n<p>HABILIDADES<\/p>\n<ul>\n<li>Pacote Office<\/li>\n<\/ul>\n<p>Escolaridade M\u00ednima: Ensino Superior<\/p>\n<p>Sal\u00e1rio: 1825,76<\/p>\n","protected":false},"excerpt":{"rendered":"<p>Auxiliar de Decora\u00e7\u00e3o de Eventos \u2014 Celeiro Restaurante e Eventos Ltda O Celeiro Restaurante e Eventos Ltda est\u00e1 em busca de um profissional criativo, caprichoso e apaixonado por transformar espa\u00e7os para atuar como Auxiliar de Decora\u00e7\u00e3o de Eventos. Se voc\u00ea gosta de ver um ambiente ganhar vida, tem bom gosto e aten\u00e7\u00e3o aos detalhes, essa [&hellip;]<\/p>\n","protected":false},"author":1,"featured_media":0,"comment_status":"open","ping_status":"open","sticky":false,"template":"","format":"standard","meta":{"footnotes":""},"categories":[21],"tags":[],"class_list":["post-6324","post","type-post","status-publish","format-standard","hentry","category-rio-de-janeiro-rj"],"_links":{"self":[{"href":"https:\/\/vagas.portalemprego.com.br\/index.php?rest_route=\/wp\/v2\/posts\/6324","targetHints":{"allow":["GET"]}}],"collection":[{"href":"https:\/\/vagas.portalemprego.com.br\/index.php?rest_route=\/wp\/v2\/posts"}],"about":[{"href":"https:\/\/vagas.portalemprego.com.br\/index.php?rest_route=\/wp\/v2\/types\/post"}],"author":[{"embeddable":true,"href":"https:\/\/vagas.portalemprego.com.br\/index.php?rest_route=\/wp\/v2\/users\/1"}],"replies":[{"embeddable":true,"href":"https:\/\/vagas.portalemprego.com.br\/index.php?rest_route=%2Fwp%2Fv2%2Fcomments&post=6324"}],"version-history":[{"count":0,"href":"https:\/\/vagas.portalemprego.com.br\/index.php?rest_route=\/wp\/v2\/posts\/6324\/revisions"}],"wp:attachment":[{"href":"https:\/\/vagas.portalemprego.com.br\/index.php?rest_route=%2Fwp%2Fv2%2Fmedia&parent=6324"}],"wp:term":[{"taxonomy":"category","embeddable":true,"href":"https:\/\/vagas.portalemprego.com.br\/index.php?rest_route=%2Fwp%2Fv2%2Fcategories&post=6324"},{"taxonomy":"post_tag","embeddable":true,"href":"https:\/\/vagas.portalemprego.com.br\/index.php?rest_route=%2Fwp%2Fv2%2Ftags&post=6324"}],"curies":[{"name":"wp","href":"https:\/\/api.w.org\/{rel}","templated":true}]}}