{"id":6325,"date":"2026-04-29T06:06:06","date_gmt":"2026-04-29T09:06:06","guid":{"rendered":"https:\/\/vagas.portalemprego.com.br\/?p=6325"},"modified":"2026-04-29T06:06:06","modified_gmt":"2026-04-29T09:06:06","slug":"assistente-comercial-comercial-vendas-rio-de-janeiro-3","status":"publish","type":"post","link":"https:\/\/vagas.portalemprego.com.br\/?p=6325","title":{"rendered":"Assistente Comercial &#8211; Comercial, Vendas &#8211; Rio de Janeiro"},"content":{"rendered":"<p>: Assistente Comercial \u2014 Celeiro Restaurante e Eventos Ltda<br \/>\nO Celeiro Restaurante e Eventos Ltda est\u00e1 em busca de um profissional din\u00e2mico, comunicativo e com perfil comercial para fazer parte do nosso time como Assistente Comercial.<br \/>\nSe voc\u00ea \u00e9 uma pessoa proativa, organizada e apaixonada por desafios, essa pode ser a oportunidade ideal para crescer em um ambiente voltado \u00e0 excel\u00eancia em eventos e gastronomia.<br \/>\nSuas principais atividades ser\u00e3o:<br \/>\nApoiar o setor comercial no atendimento e relacionamento com clientes;<br \/>\nAcompanhar propostas, or\u00e7amentos e negocia\u00e7\u00f5es;<br \/>\nAuxiliar na elabora\u00e7\u00e3o de estrat\u00e9gias de marketing e a\u00e7\u00f5es de divulga\u00e7\u00e3o;<br \/>\nApoiar o time na gest\u00e3o de projetos e acompanhamento de eventos;<br \/>\nAlimentar e manter atualizado o sistema de controle de clientes (CRM).<br \/>\nRequisitos desej\u00e1veis:<br \/>\nBoa comunica\u00e7\u00e3o verbal e escrita;<br \/>\nOrganiza\u00e7\u00e3o e aten\u00e7\u00e3o aos detalhes;<br \/>\nConhecimento b\u00e1sico em vendas, marketing ou atendimento ao cliente;<br \/>\nExperi\u00eancia anterior em \u00e1rea comercial \u00e9 um diferencial;<br \/>\nConhecimento em ferramentas de CRM ser\u00e1 bem valorizado.<br \/>\nO que oferecemos:<br \/>\nAmbiente de trabalho colaborativo e inspirador;<br \/>\nOportunidade real de aprendizado e crescimento;<br \/>\nContato direto com o universo de eventos, gastronomia e hospitalidade.<br \/>\nSe voc\u00ea tem energia, vontade de aprender e gosta de lidar com pessoas, venha fazer parte do Celeiro Restaurante e Eventos Ltda e ajude-nos a criar experi\u00eancias \u00fanicas e inesquec\u00edveis para nossos clientes.<br \/>\n?? Envie seu curr\u00edculo e venha mostrar o seu potencial!<br \/>\n Estamos ansiosos para conhecer novos talentos e fortalecer ainda mais nossa equipe comercial.<\/p>\n<ul>\n<li>Local de trabalho: Rio de Janeiro, RJ<\/li>\n<li>Regime de contrata\u00e7\u00e3o de tipo: Efetivo \u2013 CLT<\/li>\n<li>Jornada: Per\u00edodo Integral<\/li>\n<li>\u00c1rea e especializa\u00e7\u00e3o profissional: Comercial, Vendas &#8211; Venda Externa<\/li>\n<li>N\u00edvel hier\u00e1rquico: Assistente<\/li>\n<\/ul>\n<p>VALORIZADO<\/p>\n<p>Tempo de experi\u00eancia: Entre 1 e 3 anos<\/p>\n<p>HABILIDADES<\/p>\n<ul>\n<li>Pacote Office<\/li>\n<\/ul>\n<p>Escolaridade M\u00ednima: Ensino Superior<\/p>\n<p>Idiomas:<\/p>\n<ul>\n<li>Ingl\u00eas (B\u00e1sico)<\/li>\n<\/ul>\n<p>Sal\u00e1rio: 2824,89<\/p>\n","protected":false},"excerpt":{"rendered":"<p>: Assistente Comercial \u2014 Celeiro Restaurante e Eventos Ltda O Celeiro Restaurante e Eventos Ltda est\u00e1 em busca de um profissional din\u00e2mico, comunicativo e com perfil comercial para fazer parte do nosso time como Assistente Comercial. Se voc\u00ea \u00e9 uma pessoa proativa, organizada e apaixonada por desafios, essa pode ser a oportunidade ideal para crescer [&hellip;]<\/p>\n","protected":false},"author":1,"featured_media":0,"comment_status":"open","ping_status":"open","sticky":false,"template":"","format":"standard","meta":{"footnotes":""},"categories":[21],"tags":[],"class_list":["post-6325","post","type-post","status-publish","format-standard","hentry","category-rio-de-janeiro-rj"],"_links":{"self":[{"href":"https:\/\/vagas.portalemprego.com.br\/index.php?rest_route=\/wp\/v2\/posts\/6325","targetHints":{"allow":["GET"]}}],"collection":[{"href":"https:\/\/vagas.portalemprego.com.br\/index.php?rest_route=\/wp\/v2\/posts"}],"about":[{"href":"https:\/\/vagas.portalemprego.com.br\/index.php?rest_route=\/wp\/v2\/types\/post"}],"author":[{"embeddable":true,"href":"https:\/\/vagas.portalemprego.com.br\/index.php?rest_route=\/wp\/v2\/users\/1"}],"replies":[{"embeddable":true,"href":"https:\/\/vagas.portalemprego.com.br\/index.php?rest_route=%2Fwp%2Fv2%2Fcomments&post=6325"}],"version-history":[{"count":0,"href":"https:\/\/vagas.portalemprego.com.br\/index.php?rest_route=\/wp\/v2\/posts\/6325\/revisions"}],"wp:attachment":[{"href":"https:\/\/vagas.portalemprego.com.br\/index.php?rest_route=%2Fwp%2Fv2%2Fmedia&parent=6325"}],"wp:term":[{"taxonomy":"category","embeddable":true,"href":"https:\/\/vagas.portalemprego.com.br\/index.php?rest_route=%2Fwp%2Fv2%2Fcategories&post=6325"},{"taxonomy":"post_tag","embeddable":true,"href":"https:\/\/vagas.portalemprego.com.br\/index.php?rest_route=%2Fwp%2Fv2%2Ftags&post=6325"}],"curies":[{"name":"wp","href":"https:\/\/api.w.org\/{rel}","templated":true}]}}