{"id":6329,"date":"2026-04-29T06:07:07","date_gmt":"2026-04-29T09:07:07","guid":{"rendered":"https:\/\/vagas.portalemprego.com.br\/?p=6329"},"modified":"2026-04-29T06:07:07","modified_gmt":"2026-04-29T09:07:07","slug":"gerente-de-rh-recursos-humanos-rio-de-janeiro","status":"publish","type":"post","link":"https:\/\/vagas.portalemprego.com.br\/?p=6329","title":{"rendered":"Gerente de RH &#8211; Recursos Humanos &#8211; Rio de Janeiro"},"content":{"rendered":"<p>Vaga: Gerente de Recursos Humanos \u2013 Ramo Imobili\u00e1rio<br \/>\nLocal: Taquara \/ Jacarepagu\u00e1 \u2013 Rio de Janeiro (com visitas eventuais \u00e0s filiais no RJ)<br \/>\nTipo de contrata\u00e7\u00e3o: CLT ou PJ<br \/>\n________________________________________<br \/>\nSobre a empresa<br \/>\nEstamos em um momento importante de estrutura\u00e7\u00e3o e moderniza\u00e7\u00e3o da \u00e1rea de Recursos Humanos e buscamos um(a) profissional que venha somar com experi\u00eancia, vis\u00e3o estrat\u00e9gica e atitude protagonista.<br \/>\n________________________________________<br \/>\nPrincipais desafios da posi\u00e7\u00e3o:<br \/>\n\u2022\tAtuar em um ambiente com lideran\u00e7as consolidadas (tempo m\u00e9dio de casa entre 10 e 25 anos);<br \/>\n\u2022\tEstruturar pol\u00edticas e benef\u00edcios mais competitivos (como plano de sa\u00fade);<br \/>\n\u2022\tPropor melhorias e solu\u00e7\u00f5es estrat\u00e9gicas e tecnol\u00f3gicas para o RH e o DP.<br \/>\n________________________________________<br \/>\n Atividades e responsabilidades:<\/p>\n<p>\u2022       Cargo diretamente subordinado \u00e0 diretoria<br \/>\n\u2022\tGest\u00e3o estrat\u00e9gica da \u00e1rea de RH e Departamento Pessoal;<br \/>\n\u2022\tPlanejamento e condu\u00e7\u00e3o de projetos de desenvolvimento organizacional;<br \/>\n\u2022\tAtua\u00e7\u00e3o em parceria com as lideran\u00e7as para suporte nas decis\u00f5es estrat\u00e9gicas;<br \/>\n\u2022\tCoordena\u00e7\u00e3o dos processos de recrutamento e sele\u00e7\u00e3o, treinamento, clima e performance;<br \/>\n\u2022\tAcompanhamento e visitas \u00e0s filiais (eventualmente);<br \/>\n\u2022\tOperar e otimizar o uso dos sistemas: Solides, AlgerData e ERP Universal.<br \/>\n________________________________________<br \/>\n O que esperamos de voc\u00ea<br \/>\n\u2022\tExperi\u00eancia pr\u00e9via comprovada como Gerente de RH;<br \/>\n\u2022\tAlto senso de responsabilidade e proatividade;<br \/>\n\u2022\tVis\u00e3o de RH como \u00e1rea estrat\u00e9gica e agente de cultura;<br \/>\n\u2022\tForma\u00e7\u00e3o superior completa com p\u00f3s-gradua\u00e7\u00e3o conclu\u00edda.<br \/>\n________________________________________<br \/>\nSer\u00e1 um diferencial se voc\u00ea tiver:<br \/>\n\u2022\tPerfil colaborativo e com senso de comunidade;<br \/>\n\u2022\tExperi\u00eancia em ambientes de transforma\u00e7\u00e3o cultural;<br \/>\n\u2022\tCapacidade de lidar com m\u00faltiplas demandas com foco e organiza\u00e7\u00e3o.<br \/>\n________________________________________<br \/>\n Modelo de contrata\u00e7\u00e3o e benef\u00edcios<\/p>\n<p>\u2022\tCLT:<br \/>\nRemunera\u00e7\u00e3o entre R$ 8.000 a R$ 10.000, com benef\u00edcios:<br \/>\no\tVale Refei\u00e7\u00e3o ou Alimenta\u00e7\u00e3o (R$ 25\/dia)<br \/>\no\tVale Transporte<br \/>\no\tPlano odontol\u00f3gico<br \/>\no\tGympass<br \/>\no      Plano de Sa\u00fade por ades\u00e3o<br \/>\no     Descontos em universidades, cursos, farm\u00e1cias e estabelecimentos comerciais variados (Conv\u00eanio ACIJA)<br \/>\no     Descontos conv\u00eanios Sistema S (col\u00f4nia de f\u00e9rias e estabelecimentos comerciais variados)<\/p>\n<p>\u2022\tPJ:<br \/>\no     Valor entre R$ 10.000 a R$ 12.000, sem benef\u00edcios.<br \/>\no     Descontos em universidades, cursos, farm\u00e1cias e estabelecimentos comerciais variados (Conv\u00eanio ACIJA)<\/p>\n<ul>\n<li>Local de trabalho: Rio de Janeiro, RJ<\/li>\n<li>Regime de contrata\u00e7\u00e3o de tipo: Efetivo \u2013 CLT<\/li>\n<li>Jornada: Per\u00edodo Integral<\/li>\n<li>\u00c1rea e especializa\u00e7\u00e3o profissional: Recursos Humanos &#8211; Recursos Humanos (Generalista)<\/li>\n<li>N\u00edvel hier\u00e1rquico: Gerente<\/li>\n<\/ul>\n<p>VALORIZADO<\/p>\n<p>Tempo de experi\u00eancia: Entre 5 e 10 anos<\/p>\n<p>Escolaridade M\u00ednima: P\u00f3s-gradua\u00e7\u00e3o &#8211; Especializa\u00e7\u00e3o\/MBA<\/p>\n<p>Disponibilidade para viajar<\/p>\n","protected":false},"excerpt":{"rendered":"<p>Vaga: Gerente de Recursos Humanos \u2013 Ramo Imobili\u00e1rio Local: Taquara \/ Jacarepagu\u00e1 \u2013 Rio de Janeiro (com visitas eventuais \u00e0s filiais no RJ) Tipo de contrata\u00e7\u00e3o: CLT ou PJ ________________________________________ Sobre a empresa Estamos em um momento importante de estrutura\u00e7\u00e3o e moderniza\u00e7\u00e3o da \u00e1rea de Recursos Humanos e buscamos um(a) profissional que venha somar com [&hellip;]<\/p>\n","protected":false},"author":1,"featured_media":0,"comment_status":"open","ping_status":"open","sticky":false,"template":"","format":"standard","meta":{"footnotes":""},"categories":[21],"tags":[],"class_list":["post-6329","post","type-post","status-publish","format-standard","hentry","category-rio-de-janeiro-rj"],"_links":{"self":[{"href":"https:\/\/vagas.portalemprego.com.br\/index.php?rest_route=\/wp\/v2\/posts\/6329","targetHints":{"allow":["GET"]}}],"collection":[{"href":"https:\/\/vagas.portalemprego.com.br\/index.php?rest_route=\/wp\/v2\/posts"}],"about":[{"href":"https:\/\/vagas.portalemprego.com.br\/index.php?rest_route=\/wp\/v2\/types\/post"}],"author":[{"embeddable":true,"href":"https:\/\/vagas.portalemprego.com.br\/index.php?rest_route=\/wp\/v2\/users\/1"}],"replies":[{"embeddable":true,"href":"https:\/\/vagas.portalemprego.com.br\/index.php?rest_route=%2Fwp%2Fv2%2Fcomments&post=6329"}],"version-history":[{"count":0,"href":"https:\/\/vagas.portalemprego.com.br\/index.php?rest_route=\/wp\/v2\/posts\/6329\/revisions"}],"wp:attachment":[{"href":"https:\/\/vagas.portalemprego.com.br\/index.php?rest_route=%2Fwp%2Fv2%2Fmedia&parent=6329"}],"wp:term":[{"taxonomy":"category","embeddable":true,"href":"https:\/\/vagas.portalemprego.com.br\/index.php?rest_route=%2Fwp%2Fv2%2Fcategories&post=6329"},{"taxonomy":"post_tag","embeddable":true,"href":"https:\/\/vagas.portalemprego.com.br\/index.php?rest_route=%2Fwp%2Fv2%2Ftags&post=6329"}],"curies":[{"name":"wp","href":"https:\/\/api.w.org\/{rel}","templated":true}]}}