{"id":6338,"date":"2026-04-29T06:07:07","date_gmt":"2026-04-29T09:07:07","guid":{"rendered":"https:\/\/vagas.portalemprego.com.br\/?p=6338"},"modified":"2026-04-29T06:07:07","modified_gmt":"2026-04-29T09:07:07","slug":"assistente-comercial-comercial-vendas-rio-de-janeiro-4","status":"publish","type":"post","link":"https:\/\/vagas.portalemprego.com.br\/?p=6338","title":{"rendered":"Assistente Comercial &#8211; Comercial, Vendas &#8211; Rio de Janeiro"},"content":{"rendered":"<p>Estamos buscando um Assistente Comercial para atuar em um escrit\u00f3rio de advocacia no Rio de Janeiro\/RJ.<\/p>\n<p>Principais Responsabilidades:<br \/>\n&#8211; Realizar o primeiro atendimento receptivo a clientes interessados, prestando informa\u00e7\u00f5es iniciais com cordialidade.<br \/>\n&#8211; Apoiar os advogados na elabora\u00e7\u00e3o, envio e acompanhamento de propostas de honor\u00e1rios e contratos de presta\u00e7\u00e3o de servi\u00e7os.<br \/>\n&#8211; Agendar e confirmar reuni\u00f5es e atendimentos jur\u00eddicos.<br \/>\n&#8211; Alimentar, organizar e atualizar dados em sistemas de CRM, respeitando as diretrizes da LGPD e da OAB.<br \/>\n&#8211; Apoiar a\u00e7\u00f5es institucionais de relacionamento e fideliza\u00e7\u00e3o de clientes.<br \/>\n&#8211; Monitorar indicadores de atendimento e satisfa\u00e7\u00e3o, contribuindo com melhorias no processo comercial e no acolhimento de novos clientes.<\/p>\n<p>Requisitos:<br \/>\n&#8211; Ensino superior cursando em Marketing, Gest\u00e3o Comercial, Administra\u00e7\u00e3o ou \u00e1reas correlatas.<br \/>\n&#8211; Boa comunica\u00e7\u00e3o verbal e escrita, com empatia, postura \u00e9tica e foco no cliente.<br \/>\n&#8211; Dom\u00ednio do pacote Office e viv\u00eancia com sistemas de CRM.<br \/>\n&#8211; Experi\u00eancia anterior em atendimento ao cliente e rotinas comerciais.<\/p>\n<p>Diferenciais:<br \/>\n&#8211; Viv\u00eancia em escrit\u00f3rio de advocacia, especialmente na \u00e1rea de Direito Previdenci\u00e1rio;<br \/>\n&#8211; Conhecimento b\u00e1sico sobre o funcionamento do INSS e benef\u00edcios previdenci\u00e1rios.<\/p>\n<p>Benef\u00edcios:<br \/>\n&#8211; Sal\u00e1rio: A combinar.<br \/>\n&#8211; Vale-transporte.<br \/>\n&#8211; Vale refei\u00e7\u00e3o de R$ 30,00 por dia.<br \/>\n&#8211; Comissionamento atrativo.<\/p>\n<p>Hor\u00e1rio de trabalho:<br \/>\nDe segunda a sexta-feira, das 08h30 \u00e0s 18h.<\/p>\n<ul>\n<li>Local de trabalho: Rio de Janeiro, RJ<\/li>\n<li>Regime de contrata\u00e7\u00e3o de tipo: Efetivo \u2013 CLT<\/li>\n<li>Jornada: Per\u00edodo Integral<\/li>\n<li>\u00c1rea e especializa\u00e7\u00e3o profissional: Comercial, Vendas &#8211; Venda Externa<\/li>\n<li>N\u00edvel hier\u00e1rquico: Assistente<\/li>\n<\/ul>\n<p>VALORIZADO<\/p>\n<p>Tempo de experi\u00eancia: Entre 1 e 3 anos<\/p>\n<p>Escolaridade M\u00ednima: Ensino M\u00e9dio (2\u00ba Grau)<\/p>\n<p>Sal\u00e1rio: 5000,0<\/p>\n","protected":false},"excerpt":{"rendered":"<p>Estamos buscando um Assistente Comercial para atuar em um escrit\u00f3rio de advocacia no Rio de Janeiro\/RJ. Principais Responsabilidades: &#8211; Realizar o primeiro atendimento receptivo a clientes interessados, prestando informa\u00e7\u00f5es iniciais com cordialidade. &#8211; Apoiar os advogados na elabora\u00e7\u00e3o, envio e acompanhamento de propostas de honor\u00e1rios e contratos de presta\u00e7\u00e3o de servi\u00e7os. &#8211; Agendar e confirmar [&hellip;]<\/p>\n","protected":false},"author":1,"featured_media":0,"comment_status":"open","ping_status":"open","sticky":false,"template":"","format":"standard","meta":{"footnotes":""},"categories":[21],"tags":[],"class_list":["post-6338","post","type-post","status-publish","format-standard","hentry","category-rio-de-janeiro-rj"],"_links":{"self":[{"href":"https:\/\/vagas.portalemprego.com.br\/index.php?rest_route=\/wp\/v2\/posts\/6338","targetHints":{"allow":["GET"]}}],"collection":[{"href":"https:\/\/vagas.portalemprego.com.br\/index.php?rest_route=\/wp\/v2\/posts"}],"about":[{"href":"https:\/\/vagas.portalemprego.com.br\/index.php?rest_route=\/wp\/v2\/types\/post"}],"author":[{"embeddable":true,"href":"https:\/\/vagas.portalemprego.com.br\/index.php?rest_route=\/wp\/v2\/users\/1"}],"replies":[{"embeddable":true,"href":"https:\/\/vagas.portalemprego.com.br\/index.php?rest_route=%2Fwp%2Fv2%2Fcomments&post=6338"}],"version-history":[{"count":0,"href":"https:\/\/vagas.portalemprego.com.br\/index.php?rest_route=\/wp\/v2\/posts\/6338\/revisions"}],"wp:attachment":[{"href":"https:\/\/vagas.portalemprego.com.br\/index.php?rest_route=%2Fwp%2Fv2%2Fmedia&parent=6338"}],"wp:term":[{"taxonomy":"category","embeddable":true,"href":"https:\/\/vagas.portalemprego.com.br\/index.php?rest_route=%2Fwp%2Fv2%2Fcategories&post=6338"},{"taxonomy":"post_tag","embeddable":true,"href":"https:\/\/vagas.portalemprego.com.br\/index.php?rest_route=%2Fwp%2Fv2%2Ftags&post=6338"}],"curies":[{"name":"wp","href":"https:\/\/api.w.org\/{rel}","templated":true}]}}