{"id":6340,"date":"2026-04-29T06:07:07","date_gmt":"2026-04-29T09:07:07","guid":{"rendered":"https:\/\/vagas.portalemprego.com.br\/?p=6340"},"modified":"2026-04-29T06:07:07","modified_gmt":"2026-04-29T09:07:07","slug":"analista-de-desenvolvimento-informatica-ti-telecomunicacoes-rio-de-janeiro-2","status":"publish","type":"post","link":"https:\/\/vagas.portalemprego.com.br\/?p=6340","title":{"rendered":"ANALISTA DE DESENVOLVIMENTO &#8211; Inform\u00e1tica, TI, Telecomunica\u00e7\u00f5es &#8211; Rio de Janeiro"},"content":{"rendered":"<p>Forma\u00e7\u00e3o exigida: Gradua\u00e7\u00e3o em Ci\u00eancia da Computa\u00e7\u00e3o; ou An\u00e1lise de Sistemas; \u00a0ou correlato, com diploma devidamente registrado. Executar atividades de suporte ao desenvolvimento de aplica\u00e7\u00f5es, incluindo: Suporte t\u00e9cnico na interface com ger\u00eancias usu\u00e1rias dos sistemas da Explora\u00e7\u00e3o;<br \/>\nAtua\u00e7\u00e3o e acompanhamento em projetos de desenvolvimento de aplica\u00e7\u00f5es e microsservi\u00e7os;<br \/>\nEspecifica\u00e7\u00e3o e levantamento de requisitos para demandas para desenvolvimento;<br \/>\nSuporte a prioriza\u00e7\u00e3o das demandas para desenvolvimento;<br \/>\nTeste de sistemas em desenvolvimento;<br \/>\nProjeto, cria\u00e7\u00e3o e manuten\u00e7ao de bancos de dados, relacionados as atividades da ger\u00eancia;<br \/>\nElabora\u00e7\u00e3o de pain\u00e9is e an\u00e1lise de dados utilizando softwares de Business intelligence como PowerBi, Spotfire ou equivalente;<br \/>\nElabora\u00e7\u00e3o de consultas em SQL; Demais atividades necess\u00e1rias \u00e0 execu\u00e7\u00e3o dos servi\u00e7os. BENEFICIOS: Salario: R$ 7.351,72 Alimenta\u00e7\u00e3o: \u00a0R$ 27,83 Convenio Sesc Convenio Gympass Seguro de vida Vale transporte conforme legisla\u00e7\u00e3o Plano de sa\u00fade e odontologico com coparticipa\u00e7\u00e3o \u00a0 44 Horas semanais de segunda a sexta, regime hibrido. Conhecimento em Linux, programa\u00e7\u00e3o em linguagens de script (bash), Python, Java, desenvolvimento de Paineis em Power Bi, softwares Excel,  Powerpoint,  Word.<\/p>\n<ul>\n<li>Local de trabalho: Rio de Janeiro, RJ<\/li>\n<li>Regime de contrata\u00e7\u00e3o de tipo: Outros<\/li>\n<li>Jornada: Per\u00edodo Integral<\/li>\n<li>\u00c1rea e especializa\u00e7\u00e3o profissional: Inform\u00e1tica, TI, Telecomunica\u00e7\u00f5es &#8211; Inform\u00e1tica<\/li>\n<li>N\u00edvel hier\u00e1rquico: Especialista<\/li>\n<\/ul>\n<p>VALORIZADO<\/p>\n<p>Tempo de experi\u00eancia: Menos de 1 ano<\/p>\n<p>Escolaridade M\u00ednima: Ensino Fundamental (1\u00ba grau)<\/p>\n<p>Forma\u00e7\u00e3o desejada:<\/p>\n<ul>\n<li>, Ensino Fundamental (1\u00ba grau)<\/li>\n<\/ul>\n","protected":false},"excerpt":{"rendered":"<p>Forma\u00e7\u00e3o exigida: Gradua\u00e7\u00e3o em Ci\u00eancia da Computa\u00e7\u00e3o; ou An\u00e1lise de Sistemas; \u00a0ou correlato, com diploma devidamente registrado. Executar atividades de suporte ao desenvolvimento de aplica\u00e7\u00f5es, incluindo: Suporte t\u00e9cnico na interface com ger\u00eancias usu\u00e1rias dos sistemas da Explora\u00e7\u00e3o; Atua\u00e7\u00e3o e acompanhamento em projetos de desenvolvimento de aplica\u00e7\u00f5es e microsservi\u00e7os; Especifica\u00e7\u00e3o e levantamento de requisitos para demandas [&hellip;]<\/p>\n","protected":false},"author":1,"featured_media":0,"comment_status":"open","ping_status":"open","sticky":false,"template":"","format":"standard","meta":{"footnotes":""},"categories":[21],"tags":[],"class_list":["post-6340","post","type-post","status-publish","format-standard","hentry","category-rio-de-janeiro-rj"],"_links":{"self":[{"href":"https:\/\/vagas.portalemprego.com.br\/index.php?rest_route=\/wp\/v2\/posts\/6340","targetHints":{"allow":["GET"]}}],"collection":[{"href":"https:\/\/vagas.portalemprego.com.br\/index.php?rest_route=\/wp\/v2\/posts"}],"about":[{"href":"https:\/\/vagas.portalemprego.com.br\/index.php?rest_route=\/wp\/v2\/types\/post"}],"author":[{"embeddable":true,"href":"https:\/\/vagas.portalemprego.com.br\/index.php?rest_route=\/wp\/v2\/users\/1"}],"replies":[{"embeddable":true,"href":"https:\/\/vagas.portalemprego.com.br\/index.php?rest_route=%2Fwp%2Fv2%2Fcomments&post=6340"}],"version-history":[{"count":0,"href":"https:\/\/vagas.portalemprego.com.br\/index.php?rest_route=\/wp\/v2\/posts\/6340\/revisions"}],"wp:attachment":[{"href":"https:\/\/vagas.portalemprego.com.br\/index.php?rest_route=%2Fwp%2Fv2%2Fmedia&parent=6340"}],"wp:term":[{"taxonomy":"category","embeddable":true,"href":"https:\/\/vagas.portalemprego.com.br\/index.php?rest_route=%2Fwp%2Fv2%2Fcategories&post=6340"},{"taxonomy":"post_tag","embeddable":true,"href":"https:\/\/vagas.portalemprego.com.br\/index.php?rest_route=%2Fwp%2Fv2%2Ftags&post=6340"}],"curies":[{"name":"wp","href":"https:\/\/api.w.org\/{rel}","templated":true}]}}