{"id":6341,"date":"2026-04-29T06:07:07","date_gmt":"2026-04-29T09:07:07","guid":{"rendered":"https:\/\/vagas.portalemprego.com.br\/?p=6341"},"modified":"2026-04-29T06:07:07","modified_gmt":"2026-04-29T09:07:07","slug":"1012-consultor-de-vendas-comercial-vendas-cabo-frio","status":"publish","type":"post","link":"https:\/\/vagas.portalemprego.com.br\/?p=6341","title":{"rendered":"1012 &#8211; Consultor de Vendas &#8211; Comercial, Vendas &#8211; Cabo Frio"},"content":{"rendered":"<p>N\u00f3s gostar\u00edamos de oferecer a voc\u00ea o cargo de Consultor de Vendas em uma  empresa de Santa Maria RS<br \/>\nNesta posi\u00e7\u00e3o, voc\u00ea ser\u00e1 respons\u00e1vel por atender clientes em campo ou em unidades externas, fornecendo informa\u00e7\u00f5es e recebendo documentos.<\/p>\n<p>Al\u00e9m disso, voc\u00ea realizar\u00e1 prospec\u00e7\u00e3o de novos clientes por telefone, e-mail ou outros meios de comunica\u00e7\u00e3o, enviar\u00e1 correspond\u00eancias, organizar\u00e1 e manter\u00e1 registros precisos.<\/p>\n<p>Requisitos:<br \/>\n&#8211; Conhecimento em inform\u00e1tica e sistemas<br \/>\n&#8211; Habilidades em comunica\u00e7\u00e3o verbal e escrita<br \/>\n&#8211; Capacidade de trabalhar de forma independente e em equipe<br \/>\n&#8211; Mentalidade orientada para resultados e foco em metas<br \/>\n&#8211; Experi\u00eancia com vendas, comercial<\/p>\n<p>Se voc\u00ea se identificar com essas habilidades e estiver interessado em se juntar \u00e0  equipe, por favor, n\u00e3o hesite em enviar seu curr\u00edculo para o nosso e-mail: recrutamentofranca@rhf.com.br<br \/>\nContato: (16) 99130-6004<\/p>\n<ul>\n<li>Local de trabalho: Cabo Frio, RJ<\/li>\n<li>Regime de contrata\u00e7\u00e3o de tipo: Efetivo \u2013 CLT<\/li>\n<li>Jornada: Per\u00edodo Integral<\/li>\n<li>\u00c1rea e especializa\u00e7\u00e3o profissional: Comercial, Vendas &#8211; Venda Interna<\/li>\n<li>N\u00edvel hier\u00e1rquico: Consultor<\/li>\n<\/ul>\n<p>VALORIZADO<\/p>\n<p>Tempo de experi\u00eancia: Entre 1 e 3 anos<\/p>\n<p>Escolaridade M\u00ednima: Ensino M\u00e9dio (2\u00ba Grau)<\/p>\n<p>Habilita\u00e7\u00e3o para dirigir: B<\/p>\n<p>Sal\u00e1rio: 6000,0<\/p>\n","protected":false},"excerpt":{"rendered":"<p>N\u00f3s gostar\u00edamos de oferecer a voc\u00ea o cargo de Consultor de Vendas em uma empresa de Santa Maria RS Nesta posi\u00e7\u00e3o, voc\u00ea ser\u00e1 respons\u00e1vel por atender clientes em campo ou em unidades externas, fornecendo informa\u00e7\u00f5es e recebendo documentos. Al\u00e9m disso, voc\u00ea realizar\u00e1 prospec\u00e7\u00e3o de novos clientes por telefone, e-mail ou outros meios de comunica\u00e7\u00e3o, enviar\u00e1 [&hellip;]<\/p>\n","protected":false},"author":1,"featured_media":0,"comment_status":"open","ping_status":"open","sticky":false,"template":"","format":"standard","meta":{"footnotes":""},"categories":[21],"tags":[],"class_list":["post-6341","post","type-post","status-publish","format-standard","hentry","category-rio-de-janeiro-rj"],"_links":{"self":[{"href":"https:\/\/vagas.portalemprego.com.br\/index.php?rest_route=\/wp\/v2\/posts\/6341","targetHints":{"allow":["GET"]}}],"collection":[{"href":"https:\/\/vagas.portalemprego.com.br\/index.php?rest_route=\/wp\/v2\/posts"}],"about":[{"href":"https:\/\/vagas.portalemprego.com.br\/index.php?rest_route=\/wp\/v2\/types\/post"}],"author":[{"embeddable":true,"href":"https:\/\/vagas.portalemprego.com.br\/index.php?rest_route=\/wp\/v2\/users\/1"}],"replies":[{"embeddable":true,"href":"https:\/\/vagas.portalemprego.com.br\/index.php?rest_route=%2Fwp%2Fv2%2Fcomments&post=6341"}],"version-history":[{"count":0,"href":"https:\/\/vagas.portalemprego.com.br\/index.php?rest_route=\/wp\/v2\/posts\/6341\/revisions"}],"wp:attachment":[{"href":"https:\/\/vagas.portalemprego.com.br\/index.php?rest_route=%2Fwp%2Fv2%2Fmedia&parent=6341"}],"wp:term":[{"taxonomy":"category","embeddable":true,"href":"https:\/\/vagas.portalemprego.com.br\/index.php?rest_route=%2Fwp%2Fv2%2Fcategories&post=6341"},{"taxonomy":"post_tag","embeddable":true,"href":"https:\/\/vagas.portalemprego.com.br\/index.php?rest_route=%2Fwp%2Fv2%2Ftags&post=6341"}],"curies":[{"name":"wp","href":"https:\/\/api.w.org\/{rel}","templated":true}]}}