{"id":6345,"date":"2026-04-29T06:07:07","date_gmt":"2026-04-29T09:07:07","guid":{"rendered":"https:\/\/vagas.portalemprego.com.br\/?p=6345"},"modified":"2026-04-29T06:07:07","modified_gmt":"2026-04-29T09:07:07","slug":"comprador-junior-compras-publicas-compras-rio-de-janeiro","status":"publish","type":"post","link":"https:\/\/vagas.portalemprego.com.br\/?p=6345","title":{"rendered":"Comprador Junior (Compras P\u00fablicas) &#8211; Compras &#8211; Rio de Janeiro"},"content":{"rendered":"<p>O Grupo Seres em parceria com uma institui\u00e7\u00e3o no segmento farmac\u00eautico, seleciona profissional para atuar na fun\u00e7\u00e3o de Comprador Junior (Compras P\u00fablicas)<\/p>\n<p>Requisitos:<br \/>\nImprescind\u00edvel superior completo em Administra\u00e7\u00e3o, Direito, Economia, Gest\u00e3o P\u00fablica, Log\u00edstica ou \u00e1reas afins;<br \/>\nHabilidade em pacote office, principalmente Excel;<br \/>\nConhecimento na legisla\u00e7\u00e3o relativa a compras p\u00fablicas (Lei n\u00ba 14.133\/2021, Lei do Preg\u00e3o e regulamentos correlatos);<br \/>\nViv\u00eancia com sistemas de compras p\u00fablicas (ex.: ComprasNet, Siasg);<\/p>\n<p>Desej\u00e1vel:<br \/>\nCursos espec\u00edficos em licita\u00e7\u00f5es e compras p\u00fablicas;<br \/>\nExperi\u00eancia com SAP.<\/p>\n<p>Atividades:<br \/>\nAnalisar processos de apoio t\u00e9cnico de baixa complexidade e criticidade no Planejamento de Aquisi\u00e7\u00f5es P\u00fablicas, examinando as demandas de aquisi\u00e7\u00e3o, corrigindo especifica\u00e7\u00f5es de materiais, atribuindo c\u00f3digos de cat\u00e1logo, pesquisando pre\u00e7os em ferramentas institucionais e no mercado fornecedor, participando da instru\u00e7\u00e3o dos processos administrativos de compras e auxiliando na elabora\u00e7\u00e3o de documentos preparat\u00f3rios para a contrata\u00e7\u00e3o p\u00fablica, como Documento de Formaliza\u00e7\u00e3o da Demanda, Estudo T\u00e9cnico Preliminar, Manual de Gerenciamento de Riscos e Termo de Refer\u00eancia, de acordo com a Lei de Licita\u00e7\u00f5es e Contratos e Instru\u00e7\u00f5es Normativas correlatas, acompanhando o fluxo processual de Instituto.<\/p>\n<p>Hor\u00e1rio de trabalho:<br \/>\nSegunda a sexta<br \/>\n8h as 17h<\/p>\n<p>Local de trabalho:<br \/>\nJacarepagu\u00e1, RJ<\/p>\n<ul>\n<li>Local de trabalho: Rio de Janeiro, RJ<\/li>\n<li>Regime de contrata\u00e7\u00e3o de tipo: Efetivo \u2013 CLT<\/li>\n<li>Jornada: Per\u00edodo Integral<\/li>\n<li>\u00c1rea e especializa\u00e7\u00e3o profissional: Compras &#8211; Compras<\/li>\n<li>N\u00edvel hier\u00e1rquico: Analista<\/li>\n<\/ul>\n<p>Escolaridade M\u00ednima: Ensino Superior<\/p>\n<ul>\n<li>Vale-transporte<\/li>\n<li>Seguro de vida<\/li>\n<li>Assist\u00eancia odontol\u00f3gica<\/li>\n<li>Assist\u00eancia m\u00e9dica<\/li>\n<li>Refeit\u00f3rio<\/li>\n<\/ul>\n<p>Sal\u00e1rio: 5140,41<\/p>\n","protected":false},"excerpt":{"rendered":"<p>O Grupo Seres em parceria com uma institui\u00e7\u00e3o no segmento farmac\u00eautico, seleciona profissional para atuar na fun\u00e7\u00e3o de Comprador Junior (Compras P\u00fablicas) Requisitos: Imprescind\u00edvel superior completo em Administra\u00e7\u00e3o, Direito, Economia, Gest\u00e3o P\u00fablica, Log\u00edstica ou \u00e1reas afins; Habilidade em pacote office, principalmente Excel; Conhecimento na legisla\u00e7\u00e3o relativa a compras p\u00fablicas (Lei n\u00ba 14.133\/2021, Lei do Preg\u00e3o [&hellip;]<\/p>\n","protected":false},"author":1,"featured_media":0,"comment_status":"open","ping_status":"open","sticky":false,"template":"","format":"standard","meta":{"footnotes":""},"categories":[21],"tags":[],"class_list":["post-6345","post","type-post","status-publish","format-standard","hentry","category-rio-de-janeiro-rj"],"_links":{"self":[{"href":"https:\/\/vagas.portalemprego.com.br\/index.php?rest_route=\/wp\/v2\/posts\/6345","targetHints":{"allow":["GET"]}}],"collection":[{"href":"https:\/\/vagas.portalemprego.com.br\/index.php?rest_route=\/wp\/v2\/posts"}],"about":[{"href":"https:\/\/vagas.portalemprego.com.br\/index.php?rest_route=\/wp\/v2\/types\/post"}],"author":[{"embeddable":true,"href":"https:\/\/vagas.portalemprego.com.br\/index.php?rest_route=\/wp\/v2\/users\/1"}],"replies":[{"embeddable":true,"href":"https:\/\/vagas.portalemprego.com.br\/index.php?rest_route=%2Fwp%2Fv2%2Fcomments&post=6345"}],"version-history":[{"count":0,"href":"https:\/\/vagas.portalemprego.com.br\/index.php?rest_route=\/wp\/v2\/posts\/6345\/revisions"}],"wp:attachment":[{"href":"https:\/\/vagas.portalemprego.com.br\/index.php?rest_route=%2Fwp%2Fv2%2Fmedia&parent=6345"}],"wp:term":[{"taxonomy":"category","embeddable":true,"href":"https:\/\/vagas.portalemprego.com.br\/index.php?rest_route=%2Fwp%2Fv2%2Fcategories&post=6345"},{"taxonomy":"post_tag","embeddable":true,"href":"https:\/\/vagas.portalemprego.com.br\/index.php?rest_route=%2Fwp%2Fv2%2Ftags&post=6345"}],"curies":[{"name":"wp","href":"https:\/\/api.w.org\/{rel}","templated":true}]}}