{"id":6348,"date":"2026-04-29T06:07:07","date_gmt":"2026-04-29T09:07:07","guid":{"rendered":"https:\/\/vagas.portalemprego.com.br\/?p=6348"},"modified":"2026-04-29T06:07:07","modified_gmt":"2026-04-29T09:07:07","slug":"garcom-bilingue-alimentacao-gastronomia-rio-de-janeiro-2","status":"publish","type":"post","link":"https:\/\/vagas.portalemprego.com.br\/?p=6348","title":{"rendered":"Gar\u00e7om Bilingue &#8211; Alimenta\u00e7\u00e3o \/ Gastronomia &#8211; Rio de Janeiro"},"content":{"rendered":"<p>Restaurante renomado no Leblon contrata Gar\u00e7om<\/p>\n<p>Requisitos: Experi\u00eancia comprovada em restaurante; ingl\u00eas fluente e conhecimento de vinhos. F\u00e1cil acesso ao Leblon.<\/p>\n<p>Piso R$1.658,80 + pontua\u00e7\u00e3o que d\u00e1 mais ou menos 3.500,00. Remunera\u00e7\u00e3o final fica entre 4.800 e 5.200 l\u00edquido<\/p>\n<p>Hor\u00e1rio: Temos dois hor\u00e1rio sendo:<br \/>\nTurno dia: 10h \u00e0s 17:20<br \/>\nTurno noite: 16h \u00e0 00:20<\/p>\n<ul>\n<li>Local de trabalho: Rio de Janeiro, RJ<\/li>\n<li>Regime de contrata\u00e7\u00e3o de tipo: Efetivo \u2013 CLT<\/li>\n<li>Jornada: Per\u00edodo Integral<\/li>\n<li>\u00c1rea e especializa\u00e7\u00e3o profissional: Alimenta\u00e7\u00e3o \/ Gastronomia &#8211; Atendente \/ Recep\u00e7\u00e3o \/ Gar\u00e7om<\/li>\n<li>N\u00edvel hier\u00e1rquico: Auxiliar<\/li>\n<\/ul>\n<p>Escolaridade M\u00ednima: Ensino M\u00e9dio (2\u00ba Grau)<\/p>\n<p>Idiomas:<\/p>\n<ul>\n<li>Ingl\u00eas (Avan\u00e7ado)<\/li>\n<\/ul>\n","protected":false},"excerpt":{"rendered":"<p>Restaurante renomado no Leblon contrata Gar\u00e7om Requisitos: Experi\u00eancia comprovada em restaurante; ingl\u00eas fluente e conhecimento de vinhos. F\u00e1cil acesso ao Leblon. Piso R$1.658,80 + pontua\u00e7\u00e3o que d\u00e1 mais ou menos 3.500,00. Remunera\u00e7\u00e3o final fica entre 4.800 e 5.200 l\u00edquido Hor\u00e1rio: Temos dois hor\u00e1rio sendo: Turno dia: 10h \u00e0s 17:20 Turno noite: 16h \u00e0 00:20 Local [&hellip;]<\/p>\n","protected":false},"author":1,"featured_media":0,"comment_status":"open","ping_status":"open","sticky":false,"template":"","format":"standard","meta":{"footnotes":""},"categories":[21],"tags":[],"class_list":["post-6348","post","type-post","status-publish","format-standard","hentry","category-rio-de-janeiro-rj"],"_links":{"self":[{"href":"https:\/\/vagas.portalemprego.com.br\/index.php?rest_route=\/wp\/v2\/posts\/6348","targetHints":{"allow":["GET"]}}],"collection":[{"href":"https:\/\/vagas.portalemprego.com.br\/index.php?rest_route=\/wp\/v2\/posts"}],"about":[{"href":"https:\/\/vagas.portalemprego.com.br\/index.php?rest_route=\/wp\/v2\/types\/post"}],"author":[{"embeddable":true,"href":"https:\/\/vagas.portalemprego.com.br\/index.php?rest_route=\/wp\/v2\/users\/1"}],"replies":[{"embeddable":true,"href":"https:\/\/vagas.portalemprego.com.br\/index.php?rest_route=%2Fwp%2Fv2%2Fcomments&post=6348"}],"version-history":[{"count":0,"href":"https:\/\/vagas.portalemprego.com.br\/index.php?rest_route=\/wp\/v2\/posts\/6348\/revisions"}],"wp:attachment":[{"href":"https:\/\/vagas.portalemprego.com.br\/index.php?rest_route=%2Fwp%2Fv2%2Fmedia&parent=6348"}],"wp:term":[{"taxonomy":"category","embeddable":true,"href":"https:\/\/vagas.portalemprego.com.br\/index.php?rest_route=%2Fwp%2Fv2%2Fcategories&post=6348"},{"taxonomy":"post_tag","embeddable":true,"href":"https:\/\/vagas.portalemprego.com.br\/index.php?rest_route=%2Fwp%2Fv2%2Ftags&post=6348"}],"curies":[{"name":"wp","href":"https:\/\/api.w.org\/{rel}","templated":true}]}}