{"id":6349,"date":"2026-04-29T06:07:07","date_gmt":"2026-04-29T09:07:07","guid":{"rendered":"https:\/\/vagas.portalemprego.com.br\/?p=6349"},"modified":"2026-04-29T06:07:07","modified_gmt":"2026-04-29T09:07:07","slug":"analista-de-rh-recursos-humanos-duque-de-caxias","status":"publish","type":"post","link":"https:\/\/vagas.portalemprego.com.br\/?p=6349","title":{"rendered":"Analista de RH &#8211; Recursos Humanos &#8211; Duque de Caxias"},"content":{"rendered":"<p>O Grupo Seres em parceria com uma empresa no segmento de manufatura, seleciona profissional para atuar na fun\u00e7\u00e3o de Analista de Recursos Humanos (Generalista).<\/p>\n<p>Requisitos:<br \/>\nEnsino superior completo em Administra\u00e7\u00e3o, Psicologia, Recursos Humanos, Gest\u00e3o de Pessoas ou \u00e1reas correlatas;<br \/>\nExperi\u00eancia na \u00e1rea de Recursos Humanos, em empresas de diversos portes, com foco GENERALISTA em recrutamento e sele\u00e7\u00e3o, treinamento e departamento pessoal.<\/p>\n<p>Atividades:<br \/>\nRealizar o processo de recrutamento e sele\u00e7\u00e3o de candidatos para diferentes \u00e1reas da empresa, incluindo a triagem de curr\u00edculos, realiza\u00e7\u00e3o de entrevistas, testes de habilidades e apoio nas decis\u00f5es de contrata\u00e7\u00e3o.<br \/>\nAcompanhar o onboarding de novos colaboradores, garantindo que todos os processos administrativos sejam realizados corretamente;<br \/>\nLevantar as necessidades de treinamento junto aos gestores e colaboradores, alinhando as a\u00e7\u00f5es de capacita\u00e7\u00e3o com os objetivos da empresa;<br \/>\nCoordenar e\/ou ministrar treinamentos internos, workshops e eventos de desenvolvimento;<br \/>\nApoiar o processo de avalia\u00e7\u00e3o de desempenho dos colaboradores, facilitando a comunica\u00e7\u00e3o entre l\u00edderes e colaboradores e ajudando na defini\u00e7\u00e3o de metas individuais;<br \/>\nAuxiliar na implementa\u00e7\u00e3o de planos de a\u00e7\u00e3o para o desenvolvimento de compet\u00eancias e habilidades dos colaboradores;<br \/>\nAuxiliar na administra\u00e7\u00e3o de folha de pagamento, benef\u00edcios e ponto eletr\u00f4nico;<br \/>\nControlar e registrar processos relacionados a f\u00e9rias, licen\u00e7as, atestados m\u00e9dicos e aus\u00eancias;<br \/>\nApoiar a gest\u00e3o de documenta\u00e7\u00e3o trabalhista, como contratos, altera\u00e7\u00f5es contratuais, rescis\u00f5es e admiss\u00f5es;<br \/>\nCoordenar a administra\u00e7\u00e3o dos benef\u00edcios (vale-transporte, vale-refei\u00e7\u00e3o, plano de sa\u00fade, entre outros), incluindo a ades\u00e3o e controle de benef\u00edcios para os colaboradores;<br \/>\nManter-se atualizado sobre a legisla\u00e7\u00e3o trabalhista, garantir o cumprimento das normas e regulamenta\u00e7\u00f5es aplic\u00e1veis \u00e0 empresa;<br \/>\nApoiar nas a\u00e7\u00f5es de comunica\u00e7\u00e3o interna, como comunicados, campanhas de engajamento e programas de reconhecimento;<br \/>\nApoiar a implementa\u00e7\u00e3o de a\u00e7\u00f5es de qualidade de vida no trabalho, como programas de sa\u00fade ocupacional, seguran\u00e7a, incentivo a atividades de bem-estar e a\u00e7\u00f5es motivacionais.<\/p>\n<p>Local de trabalho:<br \/>\nXer\u00e9m, Duque de Caxias\/ RJ.<br \/>\nModalidade presencial.<\/p>\n<p>Hor\u00e1rio de trabalho:<br \/>\nSegunda \u00e0 Sexta feira, 07:30 \u00e0s 17:30<\/p>\n<ul>\n<li>Local de trabalho: Duque de Caxias, RJ<\/li>\n<li>Regime de contrata\u00e7\u00e3o de tipo: Tempor\u00e1rio<\/li>\n<li>Jornada: Per\u00edodo Integral<\/li>\n<li>\u00c1rea e especializa\u00e7\u00e3o profissional: Recursos Humanos &#8211; Recursos Humanos (Generalista)<\/li>\n<li>N\u00edvel hier\u00e1rquico: Analista<\/li>\n<\/ul>\n<p>VALORIZADO<\/p>\n<p>Tempo de experi\u00eancia: Entre 3 e 5 anos<\/p>\n<p>HABILIDADES<\/p>\n<ul>\n<li>recursos humanos<\/li>\n<li>dho<\/li>\n<li>administra\u00e7\u00e3o de pessoal<\/li>\n<li>rh generalista<\/li>\n<li>treinamento e desenvolvimento<\/li>\n<li>recrutamento e sele\u00e7\u00e3o<\/li>\n<li>departamento pessoal<\/li>\n<\/ul>\n<p>Escolaridade M\u00ednima: Ensino Superior<\/p>\n<p>Forma\u00e7\u00e3o desejada:<\/p>\n<ul>\n<li>Psicologia, Ensino Superior<\/li>\n<li>Gest\u00e3o de Recursos Humanos, Ensino Superior<\/li>\n<li>Administra\u00e7\u00e3o de empresas, Ensino Superior<\/li>\n<\/ul>\n<ul>\n<li>plr<\/li>\n<li>seguro de vida<\/li>\n<li>plano odontol\u00f3gico<\/li>\n<li>vale transporte<\/li>\n<li>vale alimenta\u00e7\u00e3o<\/li>\n<li>vale refei\u00e7\u00e3o<\/li>\n<li>plano de sa\u00fade<\/li>\n<\/ul>\n<p>Sal\u00e1rio: 4000,0<\/p>\n","protected":false},"excerpt":{"rendered":"<p>O Grupo Seres em parceria com uma empresa no segmento de manufatura, seleciona profissional para atuar na fun\u00e7\u00e3o de Analista de Recursos Humanos (Generalista). Requisitos: Ensino superior completo em Administra\u00e7\u00e3o, Psicologia, Recursos Humanos, Gest\u00e3o de Pessoas ou \u00e1reas correlatas; Experi\u00eancia na \u00e1rea de Recursos Humanos, em empresas de diversos portes, com foco GENERALISTA em recrutamento [&hellip;]<\/p>\n","protected":false},"author":1,"featured_media":0,"comment_status":"open","ping_status":"open","sticky":false,"template":"","format":"standard","meta":{"footnotes":""},"categories":[21],"tags":[],"class_list":["post-6349","post","type-post","status-publish","format-standard","hentry","category-rio-de-janeiro-rj"],"_links":{"self":[{"href":"https:\/\/vagas.portalemprego.com.br\/index.php?rest_route=\/wp\/v2\/posts\/6349","targetHints":{"allow":["GET"]}}],"collection":[{"href":"https:\/\/vagas.portalemprego.com.br\/index.php?rest_route=\/wp\/v2\/posts"}],"about":[{"href":"https:\/\/vagas.portalemprego.com.br\/index.php?rest_route=\/wp\/v2\/types\/post"}],"author":[{"embeddable":true,"href":"https:\/\/vagas.portalemprego.com.br\/index.php?rest_route=\/wp\/v2\/users\/1"}],"replies":[{"embeddable":true,"href":"https:\/\/vagas.portalemprego.com.br\/index.php?rest_route=%2Fwp%2Fv2%2Fcomments&post=6349"}],"version-history":[{"count":0,"href":"https:\/\/vagas.portalemprego.com.br\/index.php?rest_route=\/wp\/v2\/posts\/6349\/revisions"}],"wp:attachment":[{"href":"https:\/\/vagas.portalemprego.com.br\/index.php?rest_route=%2Fwp%2Fv2%2Fmedia&parent=6349"}],"wp:term":[{"taxonomy":"category","embeddable":true,"href":"https:\/\/vagas.portalemprego.com.br\/index.php?rest_route=%2Fwp%2Fv2%2Fcategories&post=6349"},{"taxonomy":"post_tag","embeddable":true,"href":"https:\/\/vagas.portalemprego.com.br\/index.php?rest_route=%2Fwp%2Fv2%2Ftags&post=6349"}],"curies":[{"name":"wp","href":"https:\/\/api.w.org\/{rel}","templated":true}]}}