{"id":6350,"date":"2026-04-29T06:08:08","date_gmt":"2026-04-29T09:08:08","guid":{"rendered":"https:\/\/vagas.portalemprego.com.br\/?p=6350"},"modified":"2026-04-29T06:08:08","modified_gmt":"2026-04-29T09:08:08","slug":"encarregado-administrativo-financeiro-contabil-financas-economia-rio-de-janeiro","status":"publish","type":"post","link":"https:\/\/vagas.portalemprego.com.br\/?p=6350","title":{"rendered":"Encarregado Administrativo Financeiro &#8211; Cont\u00e1bil, Finan\u00e7as, Economia &#8211; Rio de Janeiro"},"content":{"rendered":"<p>O Celeiro Restaurante e Eventos Ltda est\u00e1 em busca de um Encarregado Administrativo Financeiro para se juntar \u00e0 nossa equipe.<br \/>\nEste \u00e9 um papel fundamental para garantir que todas as opera\u00e7\u00f5es financeiras e administrativas funcionem de maneira eficiente e alinhada com as nossas metas de crescimento e excel\u00eancia.<\/p>\n<p>Como Encarregado Administrativo Financeiro, voc\u00ea ser\u00e1 respons\u00e1vel por supervisionar as atividades financeiras di\u00e1rias, garantir a precis\u00e3o das informa\u00e7\u00f5es financeiras e apoiar na tomada de decis\u00f5es estrat\u00e9gicas.<br \/>\nSuas principais responsabilidades incluir\u00e3o a gest\u00e3o do or\u00e7amento, controle de despesas, gest\u00e3o de contas a pagar e a receber, e a prepara\u00e7\u00e3o de relat\u00f3rios financeiros mensais.<br \/>\nAl\u00e9m disso, voc\u00ea ser\u00e1 o ponto de contato para auditorias internas e externas, garantindo que todas as pr\u00e1ticas financeiras estejam em conformidade com as normas e regulamentos aplic\u00e1veis.<\/p>\n<p>Experi\u00eancia em gest\u00e3o financeira em ambientes de restaurantes ou eventos \u00e9 um diferencial.<br \/>\nVoc\u00ea deve ter uma forma\u00e7\u00e3o superior em Administra\u00e7\u00e3o, Economia ou \u00e1reas afins, e possuir conhecimentos avan\u00e7ados em softwares de contabilidade.<br \/>\nHabilidades de lideran\u00e7a, organiza\u00e7\u00e3o e uma abordagem meticulosa ao trabalho s\u00e3o essenciais para este cargo.<\/p>\n<p>Se voc\u00ea \u00e9 uma pessoa meticulosa, com uma forte \u00e9tica de trabalho e uma vis\u00e3o estrat\u00e9gica, esta oportunidade \u00e9 para voc\u00ea.<br \/>\nJunte-se \u00e0 nossa equipe e contribua para o sucesso do Celeiro Restaurante e Eventos Ltda.<\/p>\n<p>Aplicar para esta posi\u00e7\u00e3o \u00e9 uma chance \u00fanica de fazer parte de uma empresa que valoriza o crescimento profissional e busca sempre inovar em um ambiente acolhedor e din\u00e2mico.<\/p>\n<ul>\n<li>Local de trabalho: Rio de Janeiro, RJ<\/li>\n<li>Regime de contrata\u00e7\u00e3o de tipo: Efetivo \u2013 CLT<\/li>\n<li>Jornada: Per\u00edodo Integral<\/li>\n<li>\u00c1rea e especializa\u00e7\u00e3o profissional: Cont\u00e1bil, Finan\u00e7as, Economia &#8211; Finan\u00e7as<\/li>\n<li>N\u00edvel hier\u00e1rquico: Encarregado<\/li>\n<\/ul>\n<p>VALORIZADO<\/p>\n<p>Tempo de experi\u00eancia: Entre 1 e 3 anos<\/p>\n<p>HABILIDADES<\/p>\n<ul>\n<li>Pacote Office<\/li>\n<\/ul>\n<p>Escolaridade M\u00ednima: Ensino Superior<\/p>\n<p>Idiomas:<\/p>\n<ul>\n<li>Ingl\u00eas (Avan\u00e7ado)<\/li>\n<\/ul>\n<p>Sal\u00e1rio: 2960,49<\/p>\n","protected":false},"excerpt":{"rendered":"<p>O Celeiro Restaurante e Eventos Ltda est\u00e1 em busca de um Encarregado Administrativo Financeiro para se juntar \u00e0 nossa equipe. Este \u00e9 um papel fundamental para garantir que todas as opera\u00e7\u00f5es financeiras e administrativas funcionem de maneira eficiente e alinhada com as nossas metas de crescimento e excel\u00eancia. Como Encarregado Administrativo Financeiro, voc\u00ea ser\u00e1 respons\u00e1vel [&hellip;]<\/p>\n","protected":false},"author":1,"featured_media":0,"comment_status":"open","ping_status":"open","sticky":false,"template":"","format":"standard","meta":{"footnotes":""},"categories":[21],"tags":[],"class_list":["post-6350","post","type-post","status-publish","format-standard","hentry","category-rio-de-janeiro-rj"],"_links":{"self":[{"href":"https:\/\/vagas.portalemprego.com.br\/index.php?rest_route=\/wp\/v2\/posts\/6350","targetHints":{"allow":["GET"]}}],"collection":[{"href":"https:\/\/vagas.portalemprego.com.br\/index.php?rest_route=\/wp\/v2\/posts"}],"about":[{"href":"https:\/\/vagas.portalemprego.com.br\/index.php?rest_route=\/wp\/v2\/types\/post"}],"author":[{"embeddable":true,"href":"https:\/\/vagas.portalemprego.com.br\/index.php?rest_route=\/wp\/v2\/users\/1"}],"replies":[{"embeddable":true,"href":"https:\/\/vagas.portalemprego.com.br\/index.php?rest_route=%2Fwp%2Fv2%2Fcomments&post=6350"}],"version-history":[{"count":0,"href":"https:\/\/vagas.portalemprego.com.br\/index.php?rest_route=\/wp\/v2\/posts\/6350\/revisions"}],"wp:attachment":[{"href":"https:\/\/vagas.portalemprego.com.br\/index.php?rest_route=%2Fwp%2Fv2%2Fmedia&parent=6350"}],"wp:term":[{"taxonomy":"category","embeddable":true,"href":"https:\/\/vagas.portalemprego.com.br\/index.php?rest_route=%2Fwp%2Fv2%2Fcategories&post=6350"},{"taxonomy":"post_tag","embeddable":true,"href":"https:\/\/vagas.portalemprego.com.br\/index.php?rest_route=%2Fwp%2Fv2%2Ftags&post=6350"}],"curies":[{"name":"wp","href":"https:\/\/api.w.org\/{rel}","templated":true}]}}