{"id":6351,"date":"2026-04-29T06:08:08","date_gmt":"2026-04-29T09:08:08","guid":{"rendered":"https:\/\/vagas.portalemprego.com.br\/?p=6351"},"modified":"2026-04-29T06:08:08","modified_gmt":"2026-04-29T09:08:08","slug":"auxiliar-de-escritorio-administracao-rio-de-janeiro-3","status":"publish","type":"post","link":"https:\/\/vagas.portalemprego.com.br\/?p=6351","title":{"rendered":"Auxiliar de Escrit\u00f3rio &#8211; Administra\u00e7\u00e3o &#8211; Rio de Janeiro"},"content":{"rendered":"<p>O Celeiro Restaurante e Eventos Ltda est\u00e1 em busca de um Auxiliar de Escrit\u00f3rio para se juntar \u00e0 nossa equipe din\u00e2mica e dedicada.<br \/>\nEste \u00e9 um \u00f3timo momento para voc\u00ea que busca um novo desafio profissional e deseja fazer parte de um ambiente acolhedor e inovador.<\/p>\n<p>Como Auxiliar de Escrit\u00f3rio, voc\u00ea ser\u00e1 respons\u00e1vel por auxiliar na organiza\u00e7\u00e3o e manuten\u00e7\u00e3o dos documentos da empresa, bem como apoiar nas atividades administrativas di\u00e1rias.<br \/>\nSuas principais tarefas incluir\u00e3o a arquivamento de documentos, digita\u00e7\u00e3o de relat\u00f3rios, organiza\u00e7\u00e3o de arquivos f\u00edsicos e digitais, suporte ao atendimento telef\u00f4nico e colabora\u00e7\u00e3o nas tarefas de rotina do escrit\u00f3rio.<\/p>\n<p>N\u00f3s valorizamos muito a aten\u00e7\u00e3o aos detalhes e a capacidade de trabalhar em equipe.<br \/>\n\u00c9 importante que voc\u00ea tenha boa dic\u00e7\u00e3o, organiza\u00e7\u00e3o e habilidades b\u00e1sicas de inform\u00e1tica.<br \/>\nExperi\u00eancia pr\u00e9via em fun\u00e7\u00f5es administrativas ser\u00e1 um diferencial, mas n\u00e3o \u00e9 um requisito obrigat\u00f3rio, pois estamos dispostos a treinar o candidato certo.<\/p>\n<p>O Celeiro Restaurante e Eventos Ltda oferece um ambiente de trabalho acolhedor e um ambiente de crescimento profissional.<br \/>\nSe voc\u00ea \u00e9 uma pessoa proativa, com boa comunica\u00e7\u00e3o e disposi\u00e7\u00e3o para aprender, esta oportunidade \u00e9 para voc\u00ea.<br \/>\nJunte-se a n\u00f3s e fa\u00e7a parte de um time que se dedica a proporcionar experi\u00eancias inesquec\u00edveis para nossos clientes.<\/p>\n<p>Aguardamos seu interesse e ansiamos para conhecer seu perfil.<\/p>\n<ul>\n<li>Local de trabalho: Rio de Janeiro, RJ<\/li>\n<li>Regime de contrata\u00e7\u00e3o de tipo: Efetivo \u2013 CLT<\/li>\n<li>Jornada: Per\u00edodo Integral<\/li>\n<li>\u00c1rea e especializa\u00e7\u00e3o profissional: Administra\u00e7\u00e3o &#8211; Administra\u00e7\u00e3o Geral<\/li>\n<li>N\u00edvel hier\u00e1rquico: Auxiliar<\/li>\n<\/ul>\n<p>Escolaridade M\u00ednima: Ensino M\u00e9dio (2\u00ba Grau)<\/p>\n","protected":false},"excerpt":{"rendered":"<p>O Celeiro Restaurante e Eventos Ltda est\u00e1 em busca de um Auxiliar de Escrit\u00f3rio para se juntar \u00e0 nossa equipe din\u00e2mica e dedicada. Este \u00e9 um \u00f3timo momento para voc\u00ea que busca um novo desafio profissional e deseja fazer parte de um ambiente acolhedor e inovador. Como Auxiliar de Escrit\u00f3rio, voc\u00ea ser\u00e1 respons\u00e1vel por auxiliar [&hellip;]<\/p>\n","protected":false},"author":1,"featured_media":0,"comment_status":"open","ping_status":"open","sticky":false,"template":"","format":"standard","meta":{"footnotes":""},"categories":[21],"tags":[],"class_list":["post-6351","post","type-post","status-publish","format-standard","hentry","category-rio-de-janeiro-rj"],"_links":{"self":[{"href":"https:\/\/vagas.portalemprego.com.br\/index.php?rest_route=\/wp\/v2\/posts\/6351","targetHints":{"allow":["GET"]}}],"collection":[{"href":"https:\/\/vagas.portalemprego.com.br\/index.php?rest_route=\/wp\/v2\/posts"}],"about":[{"href":"https:\/\/vagas.portalemprego.com.br\/index.php?rest_route=\/wp\/v2\/types\/post"}],"author":[{"embeddable":true,"href":"https:\/\/vagas.portalemprego.com.br\/index.php?rest_route=\/wp\/v2\/users\/1"}],"replies":[{"embeddable":true,"href":"https:\/\/vagas.portalemprego.com.br\/index.php?rest_route=%2Fwp%2Fv2%2Fcomments&post=6351"}],"version-history":[{"count":0,"href":"https:\/\/vagas.portalemprego.com.br\/index.php?rest_route=\/wp\/v2\/posts\/6351\/revisions"}],"wp:attachment":[{"href":"https:\/\/vagas.portalemprego.com.br\/index.php?rest_route=%2Fwp%2Fv2%2Fmedia&parent=6351"}],"wp:term":[{"taxonomy":"category","embeddable":true,"href":"https:\/\/vagas.portalemprego.com.br\/index.php?rest_route=%2Fwp%2Fv2%2Fcategories&post=6351"},{"taxonomy":"post_tag","embeddable":true,"href":"https:\/\/vagas.portalemprego.com.br\/index.php?rest_route=%2Fwp%2Fv2%2Ftags&post=6351"}],"curies":[{"name":"wp","href":"https:\/\/api.w.org\/{rel}","templated":true}]}}